{"id":54999,"date":"2015-03-14T18:24:57","date_gmt":"2015-03-14T21:24:57","guid":{"rendered":"http:\/\/aconteceunovale.com.br\/portal\/?p=54999"},"modified":"2015-03-14T18:24:57","modified_gmt":"2015-03-14T21:24:57","slug":"cejus-de-governador-valadares-e-reconhecido-como-referencia-no-estado","status":"publish","type":"post","link":"https:\/\/aconteceunovale.com.br\/portal\/?p=54999","title":{"rendered":"CEJUS de Governador Valadares \u00e9 reconhecido como refer\u00eancia no Estado"},"content":{"rendered":"<h4><em><strong>Centro Judici\u00e1rio de Solu\u00e7\u00f5es de Conflitos e Cidadania, parceria da Univale e TJMG, realiza, em m\u00e9dia, 80 acordos por m\u00eas.<\/strong><\/em><\/h4>\n<p>Prestes a completar um ano, o CEJUS de Governador Valadares comemora os bons resultados. O Centro de Concilia\u00e7\u00e3o realizou 1.856 audi\u00eancias, sendo 919 pr\u00e9-processuais e 937 processuais, com m\u00e9dia de 206,2 audi\u00eancias mensais. O n\u00famero de acordos fechados tamb\u00e9m foi destaque, sendo 601 pr\u00e9-processuais e 121 processuais, com m\u00e9dia de 80,2 acordos homologados por m\u00eas. Os dados s\u00e3o referentes aos nove primeiros meses de funcionamento.<\/p>\n<p><img decoding=\"async\" src=\"http:\/\/aconteceunovale.com.br\/portal\/wp-content\/uploads\/2015\/03\/cejus_gv_1.jpg\" alt=\"\" \/><em>CEJUS de Governador Valadares realiza, em m\u00e9dia, 80 acordos mensais &#8211; Foto: Divulga\u00e7\u00e3o<\/em><br \/>\n<\/br><\/p>\n<p>E o bom desempenho da unidade foi reconhecido pelo Tribunal de Justi\u00e7a de Minas Gerais (TJMG). De acordo com o desembargador Wander Marotta, 3\u00ba Vice-Presidente do TJMG, o CEJUS vem cumprindo as metas de concilia\u00e7\u00e3o estabelecidas pelo Tribunal e pelo Conselho Nacional de Justi\u00e7a: \u201cO TJMG continuar\u00e1 implementando e incentivando experi\u00eancias como as de Governador Valadares, cuja necessidade ser\u00e1 ainda maior com o novo C\u00f3digo de Processo Civil\u201d, disse ele.<\/p>\n<p>Por causa da boa produtividade, o CEJUS \u00e9 classificado como refer\u00eancia em Minas Gerais. \u201cN\u00f3s trouxemos toda a equipe do Juizado de Concilia\u00e7\u00e3o, que existia desde 2002, para o CEJUS. Temos 12 anos de experi\u00eancia em concilia\u00e7\u00e3o, que era informal. Com a concilia\u00e7\u00e3o formal, ficou at\u00e9 melhor. Esperamos continuar como refer\u00eancia no Estado\u201d, afirmou o coordenador do CEJUS, Dr. Roberto Apolin\u00e1rio de Castro, juiz da 2\u00aa Vara C\u00edvel de Governador Valadares. <\/p>\n<p>O magistrado ainda ressalta que o CEJUS est\u00e1 programando um mutir\u00e3o do DPVAT para o pr\u00f3ximo m\u00eas.  \u201cN\u00f3s iremos fazer de 600 a 800 audi\u00eancias relacionadas ao DPVAT durante a \u00faltima semana de abril. A Univale nos cedeu espa\u00e7o f\u00edsico para a realiza\u00e7\u00e3o da per\u00edcia m\u00e9dica. Essa \u00e9 comemora\u00e7\u00e3o do 1\u00b0 anivers\u00e1rio\u201d, garantiu. <\/p>\n<p><strong>Sobre o CEJUS<\/strong><\/p>\n<p>Funcionando desde 21 de mar\u00e7o de 2014, o CEJUS tem como objetivo tentar a realiza\u00e7\u00e3o de acordos antes que os conflitos se tornem processos e, havendo concord\u00e2ncia entre as partes, o mesmo \u00e9 homologado, retornando o processo ao juiz de origem para cumprimento. Tamb\u00e9m recebe processos j\u00e1 em andamento na Justi\u00e7a Comum Estadual. Os interessados podem comparecer pessoalmente ou enviar um advogado com poderes para realizar acordo. As audi\u00eancias e o atendimento s\u00e3o feitos de segunda \u00e0 sexta-feira de 8h \u00e0s 18h, no bloco C1 do Campus Ant\u00f4nio Rodrigues Coelho (Campus II) \u2013 Rua Israel Pinheiro, 2000, Bairro Universit\u00e1rio. O telefone: (33) 3279-5956.<\/p>\n<p><img decoding=\"async\" src=\"http:\/\/aconteceunovale.com.br\/portal\/wp-content\/uploads\/2015\/03\/cejus_gv_2.jpg\" alt=\"\" \/><em>Dr. Roberto Apolin\u00e1rio de Castro, juiz da 2\u00aa Vara C\u00edvel de Valadares &#8211; Foto: Divulga\u00e7\u00e3o<\/em><br \/>\n<\/br><\/p>\n<p><img decoding=\"async\" src=\"http:\/\/aconteceunovale.com.br\/portal\/wp-content\/uploads\/2015\/03\/cejus_gv_3.jpg\" alt=\"\" \/><em>Desembargador Wander Marotta, 3\u00ba Vice-Presidente do TJMG &#8211; Foto: Divulga\u00e7\u00e3o<\/em><br \/>\n<\/br><\/p>\n<p><strong><em>(Fonte: Assessoria de Comunica\u00e7\u00e3o da Univale)<\/em><\/strong><\/p>\n","protected":false},"excerpt":{"rendered":"<p>Centro Judici\u00e1rio de Solu\u00e7\u00f5es de Conflitos e Cidadania, parceria da Univale e TJMG, realiza, em m\u00e9dia, 80 acordos por m\u00eas. Prestes a completar um ano, o CEJUS de Governador Valadares comemora os bons resultados. O Centro de Concilia\u00e7\u00e3o realizou 1.856 audi\u00eancias, sendo 919 pr\u00e9-processuais e 937 processuais, com m\u00e9dia de 206,2 audi\u00eancias mensais. O n\u00famero [&hellip;]<\/p>\n","protected":false},"author":1,"featured_media":55000,"comment_status":"open","ping_status":"closed","sticky":false,"template":"","format":"standard","meta":{"amp_status":"","footnotes":""},"categories":[121],"tags":[26570,37661,37662,37663,1018,247,37665,270,24146,37664],"class_list":["post-54999","post","type-post","status-publish","format-standard","has-post-thumbnail","hentry","category-leste","tag-cejus-de-governador-valadares","tag-cejus-de-governador-valadares-e-reconhecido-como-referencia-no-estado","tag-centro-judiciario-de-solucoes-de-conflitos-e-cidadania","tag-centro-judiciario-de-solucoes-de-conflitos-e-cidadania-de-governador-valadares","tag-destaque","tag-governador-valadares","tag-roberto-apolinario-de-castro","tag-tjmg","tag-univale","tag-wander-marotta"],"_links":{"self":[{"href":"https:\/\/aconteceunovale.com.br\/portal\/index.php?rest_route=\/wp\/v2\/posts\/54999","targetHints":{"allow":["GET"]}}],"collection":[{"href":"https:\/\/aconteceunovale.com.br\/portal\/index.php?rest_route=\/wp\/v2\/posts"}],"about":[{"href":"https:\/\/aconteceunovale.com.br\/portal\/index.php?rest_route=\/wp\/v2\/types\/post"}],"author":[{"embeddable":true,"href":"https:\/\/aconteceunovale.com.br\/portal\/index.php?rest_route=\/wp\/v2\/users\/1"}],"replies":[{"embeddable":true,"href":"https:\/\/aconteceunovale.com.br\/portal\/index.php?rest_route=%2Fwp%2Fv2%2Fcomments&post=54999"}],"version-history":[{"count":0,"href":"https:\/\/aconteceunovale.com.br\/portal\/index.php?rest_route=\/wp\/v2\/posts\/54999\/revisions"}],"wp:featuredmedia":[{"embeddable":true,"href":"https:\/\/aconteceunovale.com.br\/portal\/index.php?rest_route=\/wp\/v2\/media\/55000"}],"wp:attachment":[{"href":"https:\/\/aconteceunovale.com.br\/portal\/index.php?rest_route=%2Fwp%2Fv2%2Fmedia&parent=54999"}],"wp:term":[{"taxonomy":"category","embeddable":true,"href":"https:\/\/aconteceunovale.com.br\/portal\/index.php?rest_route=%2Fwp%2Fv2%2Fcategories&post=54999"},{"taxonomy":"post_tag","embeddable":true,"href":"https:\/\/aconteceunovale.com.br\/portal\/index.php?rest_route=%2Fwp%2Fv2%2Ftags&post=54999"}],"curies":[{"name":"wp","href":"https:\/\/api.w.org\/{rel}","templated":true}]}}