{"id":54863,"date":"2015-03-12T12:34:33","date_gmt":"2015-03-12T15:34:33","guid":{"rendered":"http:\/\/aconteceunovale.com.br\/portal\/?p=54863"},"modified":"2015-03-12T12:34:33","modified_gmt":"2015-03-12T15:34:33","slug":"minas-gerais-abre-processo-seletivo-para-contratacao-de-408-brigadistas","status":"publish","type":"post","link":"https:\/\/aconteceunovale.com.br\/portal\/?p=54863","title":{"rendered":"Minas Gerais abre processo seletivo para contrata\u00e7\u00e3o de 408 brigadistas"},"content":{"rendered":"<h4><em><strong>Edital abre processo seletivo para contrata\u00e7\u00e3o de brigadista e intensifica\u00e7\u00e3o do trabalho de preven\u00e7\u00e3o a inc\u00eandios<\/strong><\/em><\/h4>\n<p>Com a proximidade do per\u00edodo de estiagem e do aumento do n\u00famero de queimadas, a\u00a0<a href=\"http:\/\/www.meioambiente.mg.gov.br\/\" target=\"_blank\">Secretaria de Estado de Meio Ambiente e Desenvolvimento Sustent\u00e1vel (Semad)<\/a>\u00a0anuncia a publica\u00e7\u00e3o do edital para contrata\u00e7\u00e3o tempor\u00e1ria de profissionais para atuarem como brigadistas em preven\u00e7\u00e3o e combate aos inc\u00eandios florestais nas Unidades de Conserva\u00e7\u00e3o (UCs) de Minas Gerais.<\/p>\n<p>Os profissionais ser\u00e3o contratados por um per\u00edodo de cinco meses, prorrog\u00e1vel conforme interesse da administra\u00e7\u00e3o p\u00fablica. Ser\u00e3o disponibilizadas 408 vagas, sendo 340 para brigadistas e 68 para l\u00edderes de brigada, que atuar\u00e3o nas UCs em atividades de preven\u00e7\u00e3o, monitoramento e combate aos inc\u00eandios florestais. O profissional cumprir\u00e1 carga hor\u00e1ria de 40 horas semanais, conforme demanda das UCs. A remunera\u00e7\u00e3o \u00e9 de R$ 1.126,92 para brigadista e de R$ 1.229,37 para l\u00edder de brigada.<\/p>\n<p>As inscri\u00e7\u00f5es s\u00e3o gratuitas e devem ser feitas no per\u00edodo de 12 a 17 de mar\u00e7o de 2015, exclusivamente pela internet (<a href=\"http:\/\/www.meioambiente.mg.gov.br\/\" target=\"_blank\">clique aqui<\/a>). Poder\u00e3o participar candidatos que apresentem idade m\u00ednima de 18 anos completos na data da inscri\u00e7\u00e3o, estejam em dia com suas obriga\u00e7\u00f5es militares e eleitorais, al\u00e9m de atender a outros requisitos definidos no edital.<\/p>\n<p>O processo de sele\u00e7\u00e3o dos candidatos ser\u00e1 realizado em tr\u00eas etapas: Inscri\u00e7\u00e3o, Curso de Forma\u00e7\u00e3o de Brigada e Teste de Aptid\u00e3o e de Habilidade no Uso de Ferramentas Agr\u00edcolas, de car\u00e1ter classificat\u00f3rio e eliminat\u00f3rio. Os resultados parciais e finais do processo seletivo ser\u00e3o disponibilizados no site da Semad, nas UCs e locais de atua\u00e7\u00e3o constantes no edital.<\/p>\n<p>A medida se torna ainda mais relevante se considerar a perspectiva de aumento de inc\u00eandios em 2015. Segundo o Instituto Nacional de Pesquisas Espaciais (Inpe), o pa\u00eds registrou o maior n\u00famero de queimadas em janeiro e fevereiro desde 1999. Foram registrados nos dois primeiros meses deste ano 6.948 focos de inc\u00eandio, 66% maior que o verificado no ano passado e quase 100% superior \u00e0 m\u00e9dia hist\u00f3rica para o per\u00edodo.<\/p>\n<p>Para ter acesso a outras informa\u00e7\u00f5es e \u00e0 documenta\u00e7\u00e3o exigida no ato da inscri\u00e7\u00e3o para o processo seletivo, bem como os anexos constantes no edital,\u00a0<a href=\"http:\/\/www.meioambiente.mg.gov.br\/noticias\/1\/2137-processo-seletivo-simplificado-0012014-brigadistas-\" target=\"_blank\">clique aqui<\/a>.<\/p>\n","protected":false},"excerpt":{"rendered":"<p>Edital abre processo seletivo para contrata\u00e7\u00e3o de brigadista e intensifica\u00e7\u00e3o do trabalho de preven\u00e7\u00e3o a inc\u00eandios Com a proximidade do per\u00edodo de estiagem e do aumento do n\u00famero de queimadas, a\u00a0Secretaria de Estado de Meio Ambiente e Desenvolvimento Sustent\u00e1vel (Semad)\u00a0anuncia a publica\u00e7\u00e3o do edital para contrata\u00e7\u00e3o tempor\u00e1ria de profissionais para atuarem como brigadistas em preven\u00e7\u00e3o [&hellip;]<\/p>\n","protected":false},"author":1,"featured_media":41474,"comment_status":"open","ping_status":"closed","sticky":false,"template":"","format":"standard","meta":{"amp_status":"","footnotes":""},"categories":[123],"tags":[37383,37384,37386,37387,37389,37385,37390,37388],"class_list":["post-54863","post","type-post","status-publish","format-standard","has-post-thumbnail","hentry","category-gerais","tag-brigadistas","tag-contratacao-de-brigadistas","tag-emprego-para-brigadistas","tag-inscricao-para-brigadista-em-minas-gerais","tag-minas-gerais-abre-processo-seletivo-para-contratacao-de-408-brigadistas","tag-minas-gerais-contrata-brigadistas","tag-minas-gerais-se-mobiliza-para-enfrentar-periodo-de-queimadas","tag-trabalho-para-brigadista"],"_links":{"self":[{"href":"https:\/\/aconteceunovale.com.br\/portal\/index.php?rest_route=\/wp\/v2\/posts\/54863","targetHints":{"allow":["GET"]}}],"collection":[{"href":"https:\/\/aconteceunovale.com.br\/portal\/index.php?rest_route=\/wp\/v2\/posts"}],"about":[{"href":"https:\/\/aconteceunovale.com.br\/portal\/index.php?rest_route=\/wp\/v2\/types\/post"}],"author":[{"embeddable":true,"href":"https:\/\/aconteceunovale.com.br\/portal\/index.php?rest_route=\/wp\/v2\/users\/1"}],"replies":[{"embeddable":true,"href":"https:\/\/aconteceunovale.com.br\/portal\/index.php?rest_route=%2Fwp%2Fv2%2Fcomments&post=54863"}],"version-history":[{"count":0,"href":"https:\/\/aconteceunovale.com.br\/portal\/index.php?rest_route=\/wp\/v2\/posts\/54863\/revisions"}],"wp:featuredmedia":[{"embeddable":true,"href":"https:\/\/aconteceunovale.com.br\/portal\/index.php?rest_route=\/wp\/v2\/media\/41474"}],"wp:attachment":[{"href":"https:\/\/aconteceunovale.com.br\/portal\/index.php?rest_route=%2Fwp%2Fv2%2Fmedia&parent=54863"}],"wp:term":[{"taxonomy":"category","embeddable":true,"href":"https:\/\/aconteceunovale.com.br\/portal\/index.php?rest_route=%2Fwp%2Fv2%2Fcategories&post=54863"},{"taxonomy":"post_tag","embeddable":true,"href":"https:\/\/aconteceunovale.com.br\/portal\/index.php?rest_route=%2Fwp%2Fv2%2Ftags&post=54863"}],"curies":[{"name":"wp","href":"https:\/\/api.w.org\/{rel}","templated":true}]}}