{"id":54860,"date":"2015-03-12T12:05:36","date_gmt":"2015-03-12T15:05:36","guid":{"rendered":"http:\/\/aconteceunovale.com.br\/portal\/?p=54860"},"modified":"2015-03-12T12:05:36","modified_gmt":"2015-03-12T15:05:36","slug":"deputado-propoe-fim-de-festas-com-bebida-alcoolica-liberada-em-minas-gerais-2","status":"publish","type":"post","link":"https:\/\/aconteceunovale.com.br\/portal\/?p=54860","title":{"rendered":"Deputado prop\u00f5e fim de festas com bebida alco\u00f3lica liberada em Minas Gerais"},"content":{"rendered":"<p>Em entrevista \u00e0 TV Assembleia, o deputado estadual Roberto Andrade (PTN), de Vi\u00e7osa, falou de seu Projeto de Lei que visa \u00e0 proibi\u00e7\u00e3o das chamadas festas \u201copen bar\u201d, uma modalidade de evento comercial em que o pre\u00e7o de entrada est\u00e1 condicionado \u00e0 op\u00e7\u00e3o de consumir bebidas alco\u00f3licas imoderadamente.<\/p>\n<p>Para Roberto Andrade, h\u00e1 excessos em rela\u00e7\u00e3o ao consumo de \u00e1lcool por parte dos jovens nesse tipo de festa. \u201cO jovem acha que tem de aproveitar o m\u00e1ximo e beber tudo por que pagou. \u00c9 pr\u00f3prio da idade\u201d, afirmou.<\/p>\n<p>O parlamentar disse que o projeto n\u00e3o tem a ver com o caso do jovem mineiro que faleceu em Bauru (SP), no m\u00eas passado, ap\u00f3s consumir cerca de 30 doses de vodca. \u201c\u00c9 bom deixar bem claro que esse projeto foi protocolado um dia ap\u00f3s a minha posse, mas ele ganhou notoriedade com a morte do rapaz em Bauru\u201d, explicou.<\/p>\n<p>Segundo o deputado, as festas \u201copen bar\u201d ferem o C\u00f3digo de Defesa do Consumidor por instituir a pr\u00e1tica da \u201cvenda casada\u201d, que \u00e9 vedada pela legisla\u00e7\u00e3o.<\/p>\n<p>Confira a entrevista completa:<\/p>\n<p><iframe loading=\"lazy\" width=\"640\" height=\"360\" src=\"https:\/\/www.youtube.com\/embed\/ORft-508Ycg\" frameborder=\"0\" allowfullscreen><\/iframe><\/p>\n<p><em>(Fonte: TV Assembleia)<\/em><\/p>\n","protected":false},"excerpt":{"rendered":"<p>Em entrevista \u00e0 TV Assembleia, o deputado estadual Roberto Andrade (PTN), de Vi\u00e7osa, falou de seu Projeto de Lei que visa \u00e0 proibi\u00e7\u00e3o das chamadas festas \u201copen bar\u201d, uma modalidade de evento comercial em que o pre\u00e7o de entrada est\u00e1 condicionado \u00e0 op\u00e7\u00e3o de consumir bebidas alco\u00f3licas imoderadamente. Para Roberto Andrade, h\u00e1 excessos em rela\u00e7\u00e3o [&hellip;]<\/p>\n","protected":false},"author":1,"featured_media":54858,"comment_status":"open","ping_status":"closed","sticky":false,"template":"","format":"standard","meta":{"amp_status":"","footnotes":""},"categories":[123],"tags":[37371,37377,37381,37379,37376,37373,37374,37380,37375,37382,37372,37378,18771],"class_list":["post-54860","post","type-post","status-publish","format-standard","has-post-thumbnail","hentry","category-gerais","tag-deputado-estadual-roberto-andrade","tag-deputado-propoe-fim-de-festas-com-bebida-alcoolica-liberada-em-minas-gerais","tag-deputado-quer-proibir-festas-com-bebida-liberada","tag-festas-com-bebida-liberada","tag-fim-de-festas-open-bar-em-minas-gerais","tag-proibicao-das-chamadas-festas-open-bar","tag-proibicao-de-festas-com-bebida-liberada","tag-proibir-festas-com-bebida-liberada","tag-projeto-propoe-fim-de-festas-open-bar-em-minas-gerais","tag-projeto-que-proibe-festas-com-bebida-liberada","tag-roberto-andrade","tag-ufv","tag-vicosa"],"_links":{"self":[{"href":"https:\/\/aconteceunovale.com.br\/portal\/index.php?rest_route=\/wp\/v2\/posts\/54860","targetHints":{"allow":["GET"]}}],"collection":[{"href":"https:\/\/aconteceunovale.com.br\/portal\/index.php?rest_route=\/wp\/v2\/posts"}],"about":[{"href":"https:\/\/aconteceunovale.com.br\/portal\/index.php?rest_route=\/wp\/v2\/types\/post"}],"author":[{"embeddable":true,"href":"https:\/\/aconteceunovale.com.br\/portal\/index.php?rest_route=\/wp\/v2\/users\/1"}],"replies":[{"embeddable":true,"href":"https:\/\/aconteceunovale.com.br\/portal\/index.php?rest_route=%2Fwp%2Fv2%2Fcomments&post=54860"}],"version-history":[{"count":0,"href":"https:\/\/aconteceunovale.com.br\/portal\/index.php?rest_route=\/wp\/v2\/posts\/54860\/revisions"}],"wp:featuredmedia":[{"embeddable":true,"href":"https:\/\/aconteceunovale.com.br\/portal\/index.php?rest_route=\/wp\/v2\/media\/54858"}],"wp:attachment":[{"href":"https:\/\/aconteceunovale.com.br\/portal\/index.php?rest_route=%2Fwp%2Fv2%2Fmedia&parent=54860"}],"wp:term":[{"taxonomy":"category","embeddable":true,"href":"https:\/\/aconteceunovale.com.br\/portal\/index.php?rest_route=%2Fwp%2Fv2%2Fcategories&post=54860"},{"taxonomy":"post_tag","embeddable":true,"href":"https:\/\/aconteceunovale.com.br\/portal\/index.php?rest_route=%2Fwp%2Fv2%2Ftags&post=54860"}],"curies":[{"name":"wp","href":"https:\/\/api.w.org\/{rel}","templated":true}]}}