{"id":54797,"date":"2015-03-11T13:44:03","date_gmt":"2015-03-11T16:44:03","guid":{"rendered":"http:\/\/aconteceunovale.com.br\/portal\/?p=54797"},"modified":"2015-03-11T13:44:03","modified_gmt":"2015-03-11T16:44:03","slug":"feriados-acrescentam-r-816-milhoes-a-economia-de-minas-gerais","status":"publish","type":"post","link":"https:\/\/aconteceunovale.com.br\/portal\/?p=54797","title":{"rendered":"Feriados acrescentam R$ 816 milh\u00f5es \u00e0 economia de Minas Gerais"},"content":{"rendered":"<h4><em><strong>De acordo com o Minist\u00e9rio do Turismo, mais de 700 mil viagens ter\u00e3o como destino cidades mineiras<\/strong><\/em><\/h4>\n<p>O impacto econ\u00f4mico dos feriados nacionais para o turismo de Minas Gerais ser\u00e1 de R$ 816,2 milh\u00f5es, de acordo com proje\u00e7\u00e3o do Minist\u00e9rio do Turismo. Juntos, os seis per\u00edodos de folgas prolongadas v\u00e3o motivar 734,3 mil viagens para o Estado, com destaque para o feriado de 12 de outubro, que dever\u00e1 registrar a maior movimenta\u00e7\u00e3o financeira (R$ 150,8 milh\u00f5es) e de viagens (135,7 mil) para destinos mineiros.<\/p>\n<p>O levantamento mostra que o Sudeste ser\u00e1 a regi\u00e3o mais beneficiada com o calend\u00e1rio de 2015. O impacto econ\u00f4mico no turismo dos seis feriados avaliados na regi\u00e3o \u00e9 estimado em R$ 4,4 bilh\u00f5es, o equivalente a 23,6% da movimenta\u00e7\u00e3o financeira prevista para os 26 estados e o Distrito Federal no mesmo per\u00edodo. Os destinos tur\u00edsticos dos quatro estados devem acrescentar 3,88 milh\u00f5es de viagens \u00e0 regi\u00e3o. O levantamento foi feito em parceria com a Funda\u00e7\u00e3o Getulio Vargas.<\/p>\n<p>\u201cAs viagens dom\u00e9sticas representam cerca de 90% da economia da ind\u00fastria de viagens e turismo no pa\u00eds. Os feriados s\u00e3o uma oportunidade para impulsionar o mercado e movimentar a economia dos destinos, gerando neg\u00f3cios, empregos e renda para as cidades\u201d, afirma o ministro do Turismo, Vinicius Lages.<\/p>\n<p>Para o c\u00e1lculo de n\u00famero de viagens e de gastos dos turistas, o Minist\u00e9rio do Turismo considerou as datas de 21 de abril (Tiradentes, ter\u00e7a-feira), 1\u00ba de maio (Dia do Trabalho, sexta-feira), 4 de junho (Corpus Christi, quinta-feira), 7 de setembro (Independ\u00eancia do Brasil, segunda-feira), 12 de outubro (Dia de Nossa Senhora Aparecida, padroeira do Brasil, segunda-feira) e 2 de novembro (Finados, segunda-feira).<\/p>\n<p>A movimenta\u00e7\u00e3o financeira com esses feriados ser\u00e1 de R$ 18,66 bilh\u00f5es com um acr\u00e9scimo de 10,9 milh\u00f5es de viagens pelo pa\u00eds. A estimativa considera um acr\u00e9scimo de 20 dias para o calend\u00e1rio nacional de viagens de 2015. Est\u00e3o exclu\u00eddos o Carnaval, a Semana Santa, o Natal e o Reveillon, feriados que se repetem todos os anos. O gasto m\u00e9dio previsto ser\u00e1 de R$ 1.712,87 por feriado.<\/p>\n<p><img decoding=\"async\" src=\"http:\/\/aconteceunovale.com.br\/portal\/wp-content\/uploads\/2015\/03\/feriados-acrescentam-r-816-milhoes-a-economia-de-minas.jpg\" alt=\"\" \/><em>Casario de Diamantina: feriados do ano v\u00e3o movimentar economia nas cidades tur\u00edsticas do Estado &#8211; Foto: Divulga\u00e7\u00e3o \/ Secretaria de Estado de Turismo de Minas Gerais<\/em><\/p>\n","protected":false},"excerpt":{"rendered":"<p>De acordo com o Minist\u00e9rio do Turismo, mais de 700 mil viagens ter\u00e3o como destino cidades mineiras O impacto econ\u00f4mico dos feriados nacionais para o turismo de Minas Gerais ser\u00e1 de R$ 816,2 milh\u00f5es, de acordo com proje\u00e7\u00e3o do Minist\u00e9rio do Turismo. Juntos, os seis per\u00edodos de folgas prolongadas v\u00e3o motivar 734,3 mil viagens para [&hellip;]<\/p>\n","protected":false},"author":1,"featured_media":54798,"comment_status":"open","ping_status":"closed","sticky":false,"template":"","format":"standard","meta":{"amp_status":"","footnotes":""},"categories":[123],"tags":[37231,1018,198,2124,37228,37226,37227,37230,37229,27848],"class_list":["post-54797","post","type-post","status-publish","format-standard","has-post-thumbnail","hentry","category-gerais","tag-casario-de-diamantina","tag-destaque","tag-diamantina","tag-economia","tag-economia-de-minas-gerais","tag-eriados-acrescentam-r-816-milhoes-a-economia-de-minas-gerais","tag-feriados","tag-fundacao-getulio-vargas","tag-impacto-economico-dos-feriados-nacionais-para-o-turismo-de-minas-gerais","tag-vinicius-lages"],"_links":{"self":[{"href":"https:\/\/aconteceunovale.com.br\/portal\/index.php?rest_route=\/wp\/v2\/posts\/54797","targetHints":{"allow":["GET"]}}],"collection":[{"href":"https:\/\/aconteceunovale.com.br\/portal\/index.php?rest_route=\/wp\/v2\/posts"}],"about":[{"href":"https:\/\/aconteceunovale.com.br\/portal\/index.php?rest_route=\/wp\/v2\/types\/post"}],"author":[{"embeddable":true,"href":"https:\/\/aconteceunovale.com.br\/portal\/index.php?rest_route=\/wp\/v2\/users\/1"}],"replies":[{"embeddable":true,"href":"https:\/\/aconteceunovale.com.br\/portal\/index.php?rest_route=%2Fwp%2Fv2%2Fcomments&post=54797"}],"version-history":[{"count":0,"href":"https:\/\/aconteceunovale.com.br\/portal\/index.php?rest_route=\/wp\/v2\/posts\/54797\/revisions"}],"wp:featuredmedia":[{"embeddable":true,"href":"https:\/\/aconteceunovale.com.br\/portal\/index.php?rest_route=\/wp\/v2\/media\/54798"}],"wp:attachment":[{"href":"https:\/\/aconteceunovale.com.br\/portal\/index.php?rest_route=%2Fwp%2Fv2%2Fmedia&parent=54797"}],"wp:term":[{"taxonomy":"category","embeddable":true,"href":"https:\/\/aconteceunovale.com.br\/portal\/index.php?rest_route=%2Fwp%2Fv2%2Fcategories&post=54797"},{"taxonomy":"post_tag","embeddable":true,"href":"https:\/\/aconteceunovale.com.br\/portal\/index.php?rest_route=%2Fwp%2Fv2%2Ftags&post=54797"}],"curies":[{"name":"wp","href":"https:\/\/api.w.org\/{rel}","templated":true}]}}