{"id":54794,"date":"2015-03-11T13:27:55","date_gmt":"2015-03-11T16:27:55","guid":{"rendered":"http:\/\/aconteceunovale.com.br\/portal\/?p=54794"},"modified":"2015-03-12T12:14:50","modified_gmt":"2015-03-12T15:14:50","slug":"adolescente-teve-morte-violenta-apos-sair-de-calourada-em-vicosa-diz-policia","status":"publish","type":"post","link":"https:\/\/aconteceunovale.com.br\/portal\/?p=54794","title":{"rendered":"Adolescente teve morte violenta ap\u00f3s sair de calourada em Vi\u00e7osa, diz Pol\u00edcia"},"content":{"rendered":"<h4><em><strong>Corpo encontrado em vala tinha marcas de agress\u00f5es. Pol\u00edcia investiga circunst\u00e2ncias do assassinato. <\/strong><\/em><\/h4>\n<p>A Pol\u00edcia Civil j\u00e1 tem uma linha de investiga\u00e7\u00e3o para descobrir quem s\u00e3o os respons\u00e1veis pela morte de Gabriel Oliveira Maciel, de 17 anos, morador de Ponte Nova, na Zona da Mata. Ele foi assassinado na madrugada de s\u00e1bado em Vi\u00e7osa, na mesma regi\u00e3o, depois de participar de uma calourada universit\u00e1ria promovida por alunos da Universidade Federal de Vi\u00e7osa (UFV). O delegado Felipe Fonseca Peres informou que o corpo tinha um ferimento na parte de tr\u00e1s da cabe\u00e7a, provavelmente de tiro, e marcas de viol\u00eancia. \u201cFoi uma morte violenta, que n\u00e3o teve rela\u00e7\u00e3o com consumo de \u00e1lcool ou entorpecentes. A an\u00e1lise preliminar mostra que o ferimento na cabe\u00e7a \u00e9 compat\u00edvel com o de um proj\u00e9til de arma de fogo. Vamos aguardar o laudo final para confirmar\u201d, afirmou. O corpo foi enterrado ontem em Raul Soares, na Zona da Mata.<\/p>\n<p><img decoding=\"async\" src=\"http:\/\/aconteceunovale.com.br\/portal\/wp-content\/uploads\/2015\/03\/morte_vicosa_2.jpg\" alt=\"\" \/><em>Gabriel Oliveira Maciel, de 17 anos, foi visto pela \u00faltima vez na festa realizada em s\u00edtio perto do c\u00e2mpus da Universidade Federal de Vi\u00e7osa &#8211; Foto: Reprodu\u00e7\u00e3o \/ Facebook<\/em><br \/>\n<\/br><\/p>\n<p>As investiga\u00e7\u00f5es apontam que a vala em um terreno da UFV, pr\u00f3ximo \u00e0 BR-120, onde o corpo foi encontrado, provavelmente foi usada apenas para desova do cad\u00e1ver. Pessoas ouvidas pela pol\u00edcia dizem que o \u00faltimo local onde Gabriel esteve foi a festa Entornando o B\u00e9quer 2015, calourada organizada por 10 cursos da universidade, com bebida liberada, em um s\u00edtio do distrito de S\u00e3o Jos\u00e9 do Triunfo.<\/p>\n<p>O delegado prefere n\u00e3o divulgar nomes de suspeitos. A Pol\u00edcia j\u00e1 tomou depoimentos como o de Julia Mariano da Motta Floresta, de 19, com quem testemunhas afirmam que Gabriel tinha relacionamento afetivo, que n\u00e3o era considerado namoro, e estava na festa com ele. \u201cEla disse que eles foram juntos para a festa, mas, quando acabou, foi embora com uma prima e uma amiga e ele ficou com os amigos\u201d, revelou o policial. A informa\u00e7\u00e3o foi confirmada pelo advogado Francisco Rodrigues da Cunha Netto, que representa Julia. \u201cEles t\u00eam um relacionamento que n\u00e3o \u00e9 namoro. A Julia chegou a ir \u00e0 casa de Gabriel em Ponte Nova, pedindo para que a m\u00e3e dele o deixasse ir \u00e0 festa, e ela ficou de pensar no assunto. Na sexta-feira, ele chegou a Vi\u00e7osa e ela j\u00e1 tinha vendido o ingresso, mas Gabriel insistiu e eles acabaram indo na calourada\u201d, disse o advogado. Netto afirmou ainda que Gabriel alternava durante a festa a companhia de amigos de Ponte Nova e de Julia e que, por volta das 3h, a jovem foi embora. \u201cEla ouviu que ele ficaria com os amigos e foi embora com a prima e a amiga\u201d, completou.<\/p>\n<p><img decoding=\"async\" src=\"http:\/\/aconteceunovale.com.br\/portal\/wp-content\/uploads\/2015\/03\/local_calourada_ufv.jpg\" alt=\"\" \/><em>Local onde ocorreu a calourada de estudantes da UFV &#8211; Foto: Paulo Filgueiras \/ EM<\/em><br \/>\n<\/br><\/p>\n<p>O tio de Gabriel, que prefere n\u00e3o se identificar, confirmou que a garota chegou a ir \u00e0 casa do sobrinho, em Ponte Nova, para pedir que a m\u00e3e o deixasse ir \u00e0 festa com ela, ficando inclusive na casa de Julia. \u201cMinha irm\u00e3 proibiu, mas depois ficou com d\u00f3 e deixou ir, sabendo que no s\u00e1bado teria uma aula de prepara\u00e7\u00e3o para o Enem (Exame Nacional do Ensino M\u00e9dio\u201d, afirmou o parente. O tio, por\u00e9m, estranhou a rea\u00e7\u00e3o da prima de Julia, quando, j\u00e1 no s\u00e1bado, entrou em contato para pedir not\u00edcias. \u201cEla disse que a Julia n\u00e3o poderia atender e que os dois n\u00e3o eram namorados\u201d, disse. Um familiar afirmou que os dois foram \u00e0 comemora\u00e7\u00e3o juntos.<\/p>\n<p><strong>Confus\u00e3o na festa<\/strong><\/p>\n<p>Declara\u00e7\u00f5es de tr\u00eas amigos de Gabriel foram inclu\u00eddas no boletim de ocorr\u00eancia da Pol\u00edcia Militar. Eles confirmaram que o corpo encontrado era do jovem. \u201cA m\u00e3e do Gabriel n\u00e3o o deixou ir \u00e0 festa porque costumamos beber. A gente o viu na festa com a Julia, mas, na hora de ir embora, fomos pegar o \u00f4nibus e ele disse que ficaria com ela\u201d, disse ao Estado de Minas Wesley Monteiro da Silva, de 19. Segundo ele, houve uma briga durante a festa, mas que, aparentemente, n\u00e3o teve liga\u00e7\u00e3o com o homic\u00eddio. \u201cA gente jogou cerveja para o alto e deu confus\u00e3o. Teve uma hora que um cara deu um chute e acabou acertando o Gabriel. N\u00f3s o ajudamos a levantar e ele saiu de perto\u201d, contou.<\/p>\n<p>Um dos ind\u00edcios que pode ajudar a pol\u00edcia \u00e9 uma liga\u00e7\u00e3o feita do celular de Gabriel para a m\u00e3e, por volta das 8h de s\u00e1bado. Depois de a m\u00e3e tentar falar com o filho por diversas vezes, o delegado confirma que ela recebeu a retorno da chamada, mas ningu\u00e9m disse nada. \u201c\u00c9 uma tristeza muito grande. O Gabriel era uma pessoa extremamente do bem, n\u00e3o bebia e n\u00e3o usava drogas. Estava no terceiro ano do ensino m\u00e9dio e tinha o sonho de ser engenheiro. Queremos entender o que aconteceu\u201d, contou o tio.<\/p>\n<p>Ap\u00f3s ouvir testemunhas, o delegado Felipe Peres chegou \u00e0 conclus\u00e3o que Gabriel bebeu durante a festa, mas n\u00e3o foi visto descontrolado ou causando tumulto.<\/p>\n<p><strong>Repercuss\u00e3o<\/strong><\/p>\n<p>A morte estarreceu a comunidade acad\u00eamica da UFV e fez os estudantes cobrarem mudan\u00e7as na rotina de Vi\u00e7osa. \u201cFiquei muito sentido, pois fui \u00e0 festa e peguei o \u00f4nibus que ele pegaria\u201d, disse o aluno de pedagogia H\u00e9lio Netto, 26. \u201cFalta seguran\u00e7a em Vi\u00e7osa. Talvez, se tivesse mais policiamento, poderia acontecer uma ronda durante festas para ver se est\u00e1 tudo bem, se as pessoas est\u00e3o usando drogas. Principalmente na sa\u00edda\u201d, afirmou a estudante de letras, Laura De Filippo, 24.<\/p>\n<p>Pelo Facebook, a Rep\u00fablica Qkick\u00e9, organizadora da calourada, lamentou a morte de Gabriel. V\u00e1rios jovens se manifestaram criticando a organiza\u00e7\u00e3o por permitir a entrada de uma pessoa de 17 anos, abaixo da idade requisitada (18).<\/p>\n<p>Mais de 5 mil pessoas confirmaram presen\u00e7a em um ato contra a viol\u00eancia em Vi\u00e7osa, que ser\u00e1 realizado s\u00e1bado \u00e0s 9h. A descri\u00e7\u00e3o do evento diz que a seguran\u00e7a de Vi\u00e7osa piorou muito em 2015 e por isso os estudantes e moradores prometem uma passeata na cidade, passando na porta de locais como a C\u00e2mara Municipal e a sede da prefeitura. Mais de 15 mil pessoas foram convidadas. <\/p>\n<p>Em nota, a UFV disse que o local onde o corpo foi encontrado \u201c\u00e9 uma \u00e1rea experimental da universidade, onde s\u00e3o realizadas atividades durante o dia e, por isso a vigil\u00e2ncia n\u00e3o permanece ali 24 horas\u201d, diz o texto. A faculdade informou ainda que \u201cembora as calouradas sejam organizadas por estudantes da UFV, a institui\u00e7\u00e3o n\u00e3o se responsabiliza pela realiza\u00e7\u00e3o delas. Qualquer fato ocorrido durante esses eventos, que n\u00e3o acontecem no c\u00e2mpus universit\u00e1rio, \u00e9 de responsabilidade de seus organizadores. A UFV repudia qualquer ato de viol\u00eancia e lamenta profundamente o fato ocorrido\u201d.<\/p>\n<p><em><strong>(Fonte: Jornal Estado de Minas)<\/strong><\/em><\/p>\n","protected":false},"excerpt":{"rendered":"<p>Corpo encontrado em vala tinha marcas de agress\u00f5es. Pol\u00edcia investiga circunst\u00e2ncias do assassinato. A Pol\u00edcia Civil j\u00e1 tem uma linha de investiga\u00e7\u00e3o para descobrir quem s\u00e3o os respons\u00e1veis pela morte de Gabriel Oliveira Maciel, de 17 anos, morador de Ponte Nova, na Zona da Mata. Ele foi assassinado na madrugada de s\u00e1bado em Vi\u00e7osa, na [&hellip;]<\/p>\n","protected":false},"author":1,"featured_media":54657,"comment_status":"open","ping_status":"closed","sticky":false,"template":"","format":"standard","meta":{"amp_status":"","footnotes":""},"categories":[123],"tags":[37225,37216,37215,37218,37217,37220,37219,37222,36845,37223,37214,37221,37224,217,13983,36850,37213,36847,18771],"class_list":["post-54794","post","type-post","status-publish","format-standard","has-post-thumbnail","hentry","category-gerais","tag-adolescente-teve-morte-violenta-apos-sair-de-calourada-em-vicosa","tag-assassinado-na-calourada-da-ufv-em-vicosa","tag-assassinado-na-ufv-em-vicosa","tag-calourada-universitaria-promovida-por-alunos-da-ufv","tag-calourada-universitaria-promovida-por-alunos-da-universidade-federal-de-vicosa","tag-entornando-o-bequer-2015","tag-felipe-fonseca-peres","tag-francisco-rodrigues-da-cunha-netto","tag-gabriel-oliveira-maciel","tag-helio-netto","tag-jovem-morto-na-ufv-em-vicosa","tag-julia-mariano-da-motta-floresta","tag-laura-de-filippo","tag-ponte-nova","tag-raul-soares","tag-republica-qkicke","tag-responsaveis-pela-morte-de-gabriel-oliveira-maciel","tag-sao-jose-do-triunfo","tag-vicosa"],"_links":{"self":[{"href":"https:\/\/aconteceunovale.com.br\/portal\/index.php?rest_route=\/wp\/v2\/posts\/54794","targetHints":{"allow":["GET"]}}],"collection":[{"href":"https:\/\/aconteceunovale.com.br\/portal\/index.php?rest_route=\/wp\/v2\/posts"}],"about":[{"href":"https:\/\/aconteceunovale.com.br\/portal\/index.php?rest_route=\/wp\/v2\/types\/post"}],"author":[{"embeddable":true,"href":"https:\/\/aconteceunovale.com.br\/portal\/index.php?rest_route=\/wp\/v2\/users\/1"}],"replies":[{"embeddable":true,"href":"https:\/\/aconteceunovale.com.br\/portal\/index.php?rest_route=%2Fwp%2Fv2%2Fcomments&post=54794"}],"version-history":[{"count":0,"href":"https:\/\/aconteceunovale.com.br\/portal\/index.php?rest_route=\/wp\/v2\/posts\/54794\/revisions"}],"wp:featuredmedia":[{"embeddable":true,"href":"https:\/\/aconteceunovale.com.br\/portal\/index.php?rest_route=\/wp\/v2\/media\/54657"}],"wp:attachment":[{"href":"https:\/\/aconteceunovale.com.br\/portal\/index.php?rest_route=%2Fwp%2Fv2%2Fmedia&parent=54794"}],"wp:term":[{"taxonomy":"category","embeddable":true,"href":"https:\/\/aconteceunovale.com.br\/portal\/index.php?rest_route=%2Fwp%2Fv2%2Fcategories&post=54794"},{"taxonomy":"post_tag","embeddable":true,"href":"https:\/\/aconteceunovale.com.br\/portal\/index.php?rest_route=%2Fwp%2Fv2%2Ftags&post=54794"}],"curies":[{"name":"wp","href":"https:\/\/api.w.org\/{rel}","templated":true}]}}