{"id":54788,"date":"2015-03-11T13:10:52","date_gmt":"2015-03-11T16:10:52","guid":{"rendered":"http:\/\/aconteceunovale.com.br\/portal\/?p=54788"},"modified":"2015-03-11T13:10:52","modified_gmt":"2015-03-11T16:10:52","slug":"integrantes-do-mst-bloqueiam-pelo-menos-quatro-trechos-de-rodovias-mineiras","status":"publish","type":"post","link":"https:\/\/aconteceunovale.com.br\/portal\/?p=54788","title":{"rendered":"Integrantes do MST bloqueiam pelo menos quatro trechos de rodovias mineiras"},"content":{"rendered":"<p>Integrantes do Movimento dos Trabalhadores Rurais Sem Terra (MST) fazem protesto nacional nesta quarta-feira, 11 de mar\u00e7o e, em Minas Gerais, fecham ao menos quatro trechos de rodovias federais. Segundo a Pol\u00edcia Rodovi\u00e1ria Federal (PRF), aproximadamente 300 pessoas bloqueiam o tr\u00e1fego de ve\u00edculos na BR-381, altura do quil\u00f4metro 658, em Santo Ant\u00f4nio do Amparo, regi\u00e3o Centro-Oeste do Estado.<\/p>\n<p>Em Montes Claros, no Norte de Minas, o ato acontece no km 523 da BR-251. Em Frei Inoc\u00eancio, regi\u00e3o do Vale do Rio Doce, o km 347 da BR-116 est\u00e1 com o tr\u00e2nsito impedido pelos manifestantes. O mesmo ocorre na BR-153, km 210, em Frutal, no Tri\u00e2ngulo Mineiro.<\/p>\n<p>Em todos os trechos h\u00e1 mais de 200 pessoas participando do movimento, que acontece de forma pac\u00edfica. Agentes da PRF est\u00e3o nos locais para tentar negociar a libera\u00e7\u00e3o das pistas. Contudo, n\u00e3o h\u00e1 previs\u00e3o para desobstru\u00e7\u00e3o das rodovias.<\/p>\n<p>O MST informou que a mobiliza\u00e7\u00e3o faz parte da \u201cJornada Nacional Unit\u00e1ria de Lutas dos Trabalhadores do Campo e da Cidade\u201d. Com o protesto, eles querem cobrar dos governos municipais, estadual e federal maiores investimentos na produ\u00e7\u00e3o, industrializa\u00e7\u00e3o e venda de alimentos. Al\u00e9m disso, os manifestantes pedem a retomada das compras com doa\u00e7\u00e3o simult\u00e2nea do Programa\u00e7\u00e3o Nacional de Alimenta\u00e7\u00e3o (PAA), e Programa\u00e7\u00e3o Nacional de Alimenta\u00e7\u00e3o Escolar (PNAE). <\/p>\n<p>Outra reivindica\u00e7\u00e3o, conforme o MST postou em seu site, \u00e9 cobrar do governo &#8220;maior agilidade na realiza\u00e7\u00e3o da Reforma Agr\u00e1ria com o assentamento das 6 mil fam\u00edlias acampadas, maiores investimentos na educa\u00e7\u00e3o e o n\u00e3o fechamento de escolas, a realiza\u00e7\u00e3o de uma Reforma Pol\u00edtica com participa\u00e7\u00e3o popular, pol\u00edticas p\u00fablicas de inclus\u00e3o e desenvolvimento social \u2013 habita\u00e7\u00e3o, assist\u00eancia t\u00e9cnica, etc -, garantia dos direitos dos trabalhadores atingidos por barragens, diminui\u00e7\u00e3o de impostos para os trabalhadores e a taxa\u00e7\u00e3o das grandes fortunas&#8221;.<\/p>\n<p><img decoding=\"async\" src=\"http:\/\/aconteceunovale.com.br\/portal\/wp-content\/uploads\/2015\/03\/protesto_116_frei_inocencio_1.jpg\" alt=\"\" \/><em>Protesto do MST na BR-116, em Frei Inoc\u00eancio &#8211; Foto: Internauta \/ WhatsApp<\/em><br \/>\n<\/br><\/p>\n<p><img decoding=\"async\" src=\"http:\/\/aconteceunovale.com.br\/portal\/wp-content\/uploads\/2015\/03\/protesto_116_frei_inocencio_2.jpg\" alt=\"\" \/><em>Protesto do MST na BR-116, em Frei Inoc\u00eancio &#8211; Foto: Internauta \/ WhatsApp<\/em><br \/>\n<\/br><\/p>\n<p><img decoding=\"async\" src=\"http:\/\/aconteceunovale.com.br\/portal\/wp-content\/uploads\/2015\/03\/protesto_116_frei_inocencio_3.jpg\" alt=\"\" \/><em>Protesto do MST na BR-116, em Frei Inoc\u00eancio &#8211; Foto: Internauta \/ WhatsApp<\/em><br \/>\n<\/br><\/p>\n<p><img decoding=\"async\" src=\"http:\/\/aconteceunovale.com.br\/portal\/wp-content\/uploads\/2015\/03\/protesto_116_frei_inocencio_4.jpg\" alt=\"\" \/><em>Protesto do MST na BR-116, em Frei Inoc\u00eancio &#8211; Foto: Internauta \/ WhatsApp<\/em><br \/>\n<\/br><\/p>\n<p><em><strong>(Fonte: Hoje em Dia)<\/strong><\/em><\/p>\n","protected":false},"excerpt":{"rendered":"<p>Integrantes do Movimento dos Trabalhadores Rurais Sem Terra (MST) fazem protesto nacional nesta quarta-feira, 11 de mar\u00e7o e, em Minas Gerais, fecham ao menos quatro trechos de rodovias federais. Segundo a Pol\u00edcia Rodovi\u00e1ria Federal (PRF), aproximadamente 300 pessoas bloqueiam o tr\u00e1fego de ve\u00edculos na BR-381, altura do quil\u00f4metro 658, em Santo Ant\u00f4nio do Amparo, regi\u00e3o [&hellip;]<\/p>\n","protected":false},"author":1,"featured_media":54789,"comment_status":"open","ping_status":"closed","sticky":false,"template":"","format":"standard","meta":{"amp_status":"","footnotes":""},"categories":[123],"tags":[37205,37204,37212,1018,290,200,37211,37206,37209,37210,37202,37203,210,36873,16686,25784,25783,37207,37208,37201,37199,37192,37200,37198,25887],"class_list":["post-54788","post","type-post","status-publish","format-standard","has-post-thumbnail","hentry","category-gerais","tag-300-pessoas-bloqueiam-o-trafego-de-veiculos-na-br-381","tag-bloqueiam-o-trafego-de-veiculos-na-br-381","tag-bloqueios-do-mst-em-minas-gerais","tag-destaque","tag-frei-inocencio","tag-frutal","tag-integrantes-do-mst-bloqueiam-pelo-menos-quatro-trechos-de-rodovias-mineiras","tag-jornada-nacional-unitaria-de-lutas-dos-trabalhadores-do-campo-e-da-cidade","tag-maior-agilidade-na-realizacao-da-reforma-agraria-com-o-assentamento-das-6-mil-familias-acampadas","tag-maiores-investimentos-na-educacao-e-o-nao-fechamento-de-escolas","tag-manifestacao-do-mst","tag-manifestacao-do-mst-em-frei-inocencio","tag-montes-claros","tag-movimento-dos-trabalhadores-rurais-sem-terra","tag-mst","tag-paa","tag-pnae","tag-programacao-nacional-de-alimentacao","tag-programacao-nacional-de-alimentacao-escolar","tag-protesto-do-mst","tag-protesto-do-mst-em-frei-inocendio","tag-protesto-do-mst-em-montes-claros","tag-protesto-do-mst-na-br-116","tag-protestos-do-mst-em-minas-gerais","tag-santo-antonio-do-amparo"],"_links":{"self":[{"href":"https:\/\/aconteceunovale.com.br\/portal\/index.php?rest_route=\/wp\/v2\/posts\/54788","targetHints":{"allow":["GET"]}}],"collection":[{"href":"https:\/\/aconteceunovale.com.br\/portal\/index.php?rest_route=\/wp\/v2\/posts"}],"about":[{"href":"https:\/\/aconteceunovale.com.br\/portal\/index.php?rest_route=\/wp\/v2\/types\/post"}],"author":[{"embeddable":true,"href":"https:\/\/aconteceunovale.com.br\/portal\/index.php?rest_route=\/wp\/v2\/users\/1"}],"replies":[{"embeddable":true,"href":"https:\/\/aconteceunovale.com.br\/portal\/index.php?rest_route=%2Fwp%2Fv2%2Fcomments&post=54788"}],"version-history":[{"count":0,"href":"https:\/\/aconteceunovale.com.br\/portal\/index.php?rest_route=\/wp\/v2\/posts\/54788\/revisions"}],"wp:featuredmedia":[{"embeddable":true,"href":"https:\/\/aconteceunovale.com.br\/portal\/index.php?rest_route=\/wp\/v2\/media\/54789"}],"wp:attachment":[{"href":"https:\/\/aconteceunovale.com.br\/portal\/index.php?rest_route=%2Fwp%2Fv2%2Fmedia&parent=54788"}],"wp:term":[{"taxonomy":"category","embeddable":true,"href":"https:\/\/aconteceunovale.com.br\/portal\/index.php?rest_route=%2Fwp%2Fv2%2Fcategories&post=54788"},{"taxonomy":"post_tag","embeddable":true,"href":"https:\/\/aconteceunovale.com.br\/portal\/index.php?rest_route=%2Fwp%2Fv2%2Ftags&post=54788"}],"curies":[{"name":"wp","href":"https:\/\/api.w.org\/{rel}","templated":true}]}}