{"id":54785,"date":"2015-03-11T12:43:53","date_gmt":"2015-03-11T15:43:53","guid":{"rendered":"http:\/\/aconteceunovale.com.br\/portal\/?p=54785"},"modified":"2015-03-11T12:43:53","modified_gmt":"2015-03-11T15:43:53","slug":"manifestantes-interditam-a-br-251-em-montes-claros","status":"publish","type":"post","link":"https:\/\/aconteceunovale.com.br\/portal\/?p=54785","title":{"rendered":"Manifestantes interditam a BR-251 em Montes Claros"},"content":{"rendered":"<h4><em><strong>Manifesta\u00e7\u00e3o faz parte da Jornada Nacional dos Povos do Campo. Entre as reivindica\u00e7\u00f5es est\u00e3o o direito a \u00e1gua e reforma agr\u00e1ria.<\/strong><\/em><\/h4>\n<p>A BR-251, em Montes Claros, no Norte de Minas, est\u00e1 interditada desde o in\u00edcio da manh\u00e3 desta quarta-feira (11). Cerca de 400 representantes do Movimento dos Sem Terra, Movimento dos Atingidos por Barragens, Geraizeiros, Vazanteiros e Articula\u00e7\u00e3o Rosalino de Povos Tradicionais e Quilombolas fecharam a rodovia nos dois sentidos.<\/p>\n<p>O grupo reivindica a agilidade na reforma agr\u00e1ria, desenvolvimento dos assentamentos, garantia do territ\u00f3rio dos povos e comunidades tradicionais e o direito a \u00e1gua.<\/p>\n<p>Segundo a equipe de comunica\u00e7\u00e3o da manifesta\u00e7\u00e3o, o protesto faz parte da Jornada Nacional dos Povos do Campo e n\u00e3o h\u00e1 previs\u00e3o para liberar a BR.<\/p>\n<p>De acordo com a Pol\u00edcia Rodovi\u00e1ria Federal, a passagem est\u00e1 sendo liberada somente para ve\u00edculos de emerg\u00eancia. A PRF est\u00e1 no local dando suporte de seguran\u00e7a e tentando negociar com as lideran\u00e7as para que o tr\u00e2nsito volte ao normal o mais r\u00e1pido poss\u00edvel. A PRF n\u00e3o soube informar qual a quilometragem do congestionamento.<\/p>\n<p><img decoding=\"async\" src=\"http:\/\/aconteceunovale.com.br\/portal\/wp-content\/uploads\/2015\/03\/protesto_251_moc.jpg\" alt=\"\" \/><em>V\u00e1rios grupos participam do protesto (Foto: Ricardo Caroba \/ G1)<\/em><br \/>\n<\/br><\/p>\n<p><em><strong>(Fonte: Inter TV Grande Minas)<\/strong><\/em><\/p>\n","protected":false},"excerpt":{"rendered":"<p>Manifesta\u00e7\u00e3o faz parte da Jornada Nacional dos Povos do Campo. Entre as reivindica\u00e7\u00f5es est\u00e3o o direito a \u00e1gua e reforma agr\u00e1ria. A BR-251, em Montes Claros, no Norte de Minas, est\u00e1 interditada desde o in\u00edcio da manh\u00e3 desta quarta-feira (11). Cerca de 400 representantes do Movimento dos Sem Terra, Movimento dos Atingidos por Barragens, Geraizeiros, [&hellip;]<\/p>\n","protected":false},"author":1,"featured_media":54786,"comment_status":"open","ping_status":"closed","sticky":false,"template":"","format":"standard","meta":{"amp_status":"","footnotes":""},"categories":[1236],"tags":[37185,37195,37184,37183,37186,37188,37193,37197,37191,37190,5491,37187,37192,37189,37194,37196],"class_list":["post-54785","post","type-post","status-publish","format-standard","has-post-thumbnail","hentry","category-norte_de_minas","tag-br-251-interditada","tag-geraizeiros","tag-integrantes-do-mst-interditam-a-br-251","tag-integrantes-do-mst-interditam-a-br-251-em-montes-claros","tag-interdicao-da-br-251","tag-interdicao-da-br-251-pelo-mst","tag-jornada-nacional-dos-povos-do-campo","tag-manifestantes-interditam-a-br-251-em-montes-claros","tag-manifesto-do-mst-em-montes-claros","tag-manifesto-mst-251","tag-movimento-dos-atingidos-por-barragens","tag-mst-interdita-br-251","tag-protesto-do-mst-em-montes-claros","tag-protesto-mst-br-251","tag-representantes-do-movimento-dos-sem-terra","tag-vazanteiros-e-articulacao-rosalino-de-povos-tradicionais-e-quilombolas"],"_links":{"self":[{"href":"https:\/\/aconteceunovale.com.br\/portal\/index.php?rest_route=\/wp\/v2\/posts\/54785","targetHints":{"allow":["GET"]}}],"collection":[{"href":"https:\/\/aconteceunovale.com.br\/portal\/index.php?rest_route=\/wp\/v2\/posts"}],"about":[{"href":"https:\/\/aconteceunovale.com.br\/portal\/index.php?rest_route=\/wp\/v2\/types\/post"}],"author":[{"embeddable":true,"href":"https:\/\/aconteceunovale.com.br\/portal\/index.php?rest_route=\/wp\/v2\/users\/1"}],"replies":[{"embeddable":true,"href":"https:\/\/aconteceunovale.com.br\/portal\/index.php?rest_route=%2Fwp%2Fv2%2Fcomments&post=54785"}],"version-history":[{"count":0,"href":"https:\/\/aconteceunovale.com.br\/portal\/index.php?rest_route=\/wp\/v2\/posts\/54785\/revisions"}],"wp:featuredmedia":[{"embeddable":true,"href":"https:\/\/aconteceunovale.com.br\/portal\/index.php?rest_route=\/wp\/v2\/media\/54786"}],"wp:attachment":[{"href":"https:\/\/aconteceunovale.com.br\/portal\/index.php?rest_route=%2Fwp%2Fv2%2Fmedia&parent=54785"}],"wp:term":[{"taxonomy":"category","embeddable":true,"href":"https:\/\/aconteceunovale.com.br\/portal\/index.php?rest_route=%2Fwp%2Fv2%2Fcategories&post=54785"},{"taxonomy":"post_tag","embeddable":true,"href":"https:\/\/aconteceunovale.com.br\/portal\/index.php?rest_route=%2Fwp%2Fv2%2Ftags&post=54785"}],"curies":[{"name":"wp","href":"https:\/\/api.w.org\/{rel}","templated":true}]}}