{"id":54780,"date":"2015-03-11T12:37:32","date_gmt":"2015-03-11T15:37:32","guid":{"rendered":"http:\/\/aconteceunovale.com.br\/portal\/?p=54780"},"modified":"2015-03-11T12:37:32","modified_gmt":"2015-03-11T15:37:32","slug":"supermercado-de-montes-claros-e-destruido-por-incendio","status":"publish","type":"post","link":"https:\/\/aconteceunovale.com.br\/portal\/?p=54780","title":{"rendered":"Supermercado de Montes Claros \u00e9 destru\u00eddo por inc\u00eandio"},"content":{"rendered":"<h4><em><strong>Telhado desabou, vidros quebraram e paredes racharam. Fogo come\u00e7ou no setor administrativo.<\/strong><\/em><\/h4>\n<p>Um supermercado do Bairro Cidade Nova, em Montes Claros, teve a estrutura danificada ap\u00f3s um inc\u00eandio. Parte do telhado desabou, vidros quebraram e as paredes racharam. A ger\u00eancia n\u00e3o soube afirmar qual \u00e9 o preju\u00edzo, mas disse que todas as mercadorias ter\u00e3o que ser descartadas. O local ficar\u00e1 fechado por tempo indeterminado.<\/p>\n<p><img decoding=\"async\" src=\"http:\/\/aconteceunovale.com.br\/portal\/wp-content\/uploads\/2015\/03\/supermercado_bh_moc_2.jpg\" alt=\"\" \/><em>Fogo come\u00e7ou no setor administrativo e danificou a estrutura do supermercado (Foto: Michelly Oda \/ G1)<\/em><br \/>\n<\/br><\/p>\n<p>O fogo come\u00e7ou por volta das 5h30 desta quarta-feira, 11 de mar\u00e7o. Os Bombeiros demoraram cerca de uma hora para controlar as chamas. Ningu\u00e9m ficou ferido. Parte da Avenida Donato Quintino e de ruas vizinhas tiveram que ser interditada. A Pol\u00edcia Militar, a Guarda Municipal e a Defesa Civil auxiliaram os trabalhos.<\/p>\n<p>O tenente Luiz Fernando Alves Marinho, dos Bombeiros, considerou o inc\u00eandio \u201ccomo sendo de grandes propor\u00e7\u00f5es\u201d e informou que testemunhas contaram que o fogo come\u00e7ou na parte administrativa, em um mezanino. As duas viaturas, com capacidade para cinco mil e 10 mil litros tiveram que ser reabastecidas.<\/p>\n<p>\u201cO supermercado \u00e9 grande e havia muito material combust\u00edvel. Al\u00e9m disso, as portas estavam travadas e foi preciso usarmos equipamentos hidr\u00e1ulicos para arromb\u00e1-las\u201d, explicou.<\/p>\n<p>Alex Sander Ferreira mora em um im\u00f3vel ao lado do supermercado, com a mulher e tr\u00eas filhos de nove, 16 e 22 anos. Com medo, eles sa\u00edram da resid\u00eancia levando documentos e algumas roupas.<\/p>\n<p>\u201cFoi um susto muito grande. Acordamos e nos deparamos com muita fuma\u00e7a, pensamos em pegar as nossas coisas e sair, porque achamos que o fogo estava dentro de casa. Quando sa\u00edmos, vimos labaredas muito altas, foi um desespero, ouvirmos estouros e corremos para avisar os vizinhos.\u201d<\/p>\n<p>\u201cEscutei uma mulher gritando, fogo, fogo, fogo. Eu e minha m\u00e3e sa\u00edmos correndo com medo. Vimos o inc\u00eandio se alastrando e os vidros e parte da estrutura met\u00e1lica caindo\u201d, conta Pedro Costa, que tamb\u00e9m mora perto do supermercado.<\/p>\n<p>Uma equipe de Preven\u00e7\u00e3o e Vistoria do Corpo de Bombeiros foi acionada para verificar e avaliar as condi\u00e7\u00f5es de seguran\u00e7a do estabelecimento comercial. Segundo o tenente Luiz Fernando Marinho, vai ser consultada a situa\u00e7\u00e3o do Auto de Vistoria do Corpo de Bombeiros, documento que atesta que o local tem condi\u00e7\u00f5es de funcionar, e que precisa ser renovado a cada cinco anos.<\/p>\n<p>A per\u00edcia da Pol\u00edcia Civil tamb\u00e9m foi acionada para verificar as causas do inc\u00eandio.<\/p>\n<p><img decoding=\"async\" src=\"http:\/\/aconteceunovale.com.br\/portal\/wp-content\/uploads\/2015\/03\/supermercado_bh_moc_1.jpg\" alt=\"\" \/><em>Fogo come\u00e7ou no setor administrativo e danificou a estrutura do supermercado (Foto: Michelly Oda \/ G1)<\/em><br \/>\n<\/br><\/p>\n<p><img decoding=\"async\" src=\"http:\/\/aconteceunovale.com.br\/portal\/wp-content\/uploads\/2015\/03\/supermercado_bh_moc_3.jpg\" alt=\"\" \/><em>Fogo come\u00e7ou no setor administrativo e danificou a estrutura do supermercado (Foto: Michelly Oda \/ G1)<\/em><br \/>\n<\/br><\/p>\n<p><em><strong>(Fonte: Inter TV Grande Minas)<\/strong><\/em><\/p>\n","protected":false},"excerpt":{"rendered":"<p>Telhado desabou, vidros quebraram e paredes racharam. Fogo come\u00e7ou no setor administrativo. Um supermercado do Bairro Cidade Nova, em Montes Claros, teve a estrutura danificada ap\u00f3s um inc\u00eandio. Parte do telhado desabou, vidros quebraram e as paredes racharam. A ger\u00eancia n\u00e3o soube afirmar qual \u00e9 o preju\u00edzo, mas disse que todas as mercadorias ter\u00e3o que [&hellip;]<\/p>\n","protected":false},"author":1,"featured_media":54782,"comment_status":"open","ping_status":"closed","sticky":false,"template":"","format":"standard","meta":{"amp_status":"","footnotes":""},"categories":[1236],"tags":[37181,37179,1018,37175,210,37178,37177,37182,37176,37180],"class_list":["post-54780","post","type-post","status-publish","format-standard","has-post-thumbnail","hentry","category-norte_de_minas","tag-alex-sander-ferreira","tag-bh-supermercados-de-montes-claros","tag-destaque","tag-incendio-destroi-supermercado-em-montes-claros","tag-montes-claros","tag-supermercado-bh-de-montes-claros","tag-supermercado-bh-de-montes-claros-e-destruido-por-incendio","tag-supermercado-de-montes-claros-e-destruido-por-incendio","tag-supermercado-destruido-pelo-fogo-em-montes-claros","tag-tenente-luiz-fernando-alves-marinho"],"_links":{"self":[{"href":"https:\/\/aconteceunovale.com.br\/portal\/index.php?rest_route=\/wp\/v2\/posts\/54780","targetHints":{"allow":["GET"]}}],"collection":[{"href":"https:\/\/aconteceunovale.com.br\/portal\/index.php?rest_route=\/wp\/v2\/posts"}],"about":[{"href":"https:\/\/aconteceunovale.com.br\/portal\/index.php?rest_route=\/wp\/v2\/types\/post"}],"author":[{"embeddable":true,"href":"https:\/\/aconteceunovale.com.br\/portal\/index.php?rest_route=\/wp\/v2\/users\/1"}],"replies":[{"embeddable":true,"href":"https:\/\/aconteceunovale.com.br\/portal\/index.php?rest_route=%2Fwp%2Fv2%2Fcomments&post=54780"}],"version-history":[{"count":0,"href":"https:\/\/aconteceunovale.com.br\/portal\/index.php?rest_route=\/wp\/v2\/posts\/54780\/revisions"}],"wp:featuredmedia":[{"embeddable":true,"href":"https:\/\/aconteceunovale.com.br\/portal\/index.php?rest_route=\/wp\/v2\/media\/54782"}],"wp:attachment":[{"href":"https:\/\/aconteceunovale.com.br\/portal\/index.php?rest_route=%2Fwp%2Fv2%2Fmedia&parent=54780"}],"wp:term":[{"taxonomy":"category","embeddable":true,"href":"https:\/\/aconteceunovale.com.br\/portal\/index.php?rest_route=%2Fwp%2Fv2%2Fcategories&post=54780"},{"taxonomy":"post_tag","embeddable":true,"href":"https:\/\/aconteceunovale.com.br\/portal\/index.php?rest_route=%2Fwp%2Fv2%2Ftags&post=54780"}],"curies":[{"name":"wp","href":"https:\/\/api.w.org\/{rel}","templated":true}]}}