{"id":54777,"date":"2015-03-11T12:23:13","date_gmt":"2015-03-11T15:23:13","guid":{"rendered":"http:\/\/aconteceunovale.com.br\/portal\/?p=54777"},"modified":"2015-03-11T12:24:04","modified_gmt":"2015-03-11T15:24:04","slug":"menor-e-morto-em-troca-de-tiros-com-a-policia-militar-em-curvelo","status":"publish","type":"post","link":"https:\/\/aconteceunovale.com.br\/portal\/?p=54777","title":{"rendered":"Adolescente \u00e9 morto em troca de tiros com a Pol\u00edcia Militar em Curvelo"},"content":{"rendered":"<h4><em><strong>Menor de 16 anos e comparsa de 24 roubaram moto. Menor tinha envolvimento em 14 atos infracionais, de acordo com a PM.<\/strong><\/em><\/h4>\n<p>Um menor de 16 anos morreu, nesta ter\u00e7a-feira, 10 de mar\u00e7o, em uma troca de tiros com a Pol\u00edcia Militar. Ele e outro rapaz, de 24, haviam roubado uma moto no Bairro Vila Nova, em Curvelo. Havia um mandado de busca e apreens\u00e3o para o adolescente que, segundo a PM, j\u00e1 tinha envolvimento em 14 atos infracionais an\u00e1logos aos crimes de homic\u00eddio, tr\u00e1fico de drogas, roubo, amea\u00e7a, desobedi\u00eancia, les\u00e3o corporal, uso e consumo de drogas.<\/p>\n<p>De acordo com a PM, quatro pessoas estavam lanchando em um carrinho de cachorro quente, na Rua Tup\u00e3, quando foram abordadas pela dupla, um deles portava uma arma. Eles fugiram levando uma moto e quatro celulares das v\u00edtimas.<\/p>\n<p>Policiais militares de toda a regi\u00e3o foram informados do roubo e uma equipe viu os dois criminosos passando de moto perto do trevo de Joaquim Fel\u00edcio. Conforme a pol\u00edcia, foi dada a ordem para que eles parassem, mas o menor, que estava na garupa, sacou um rev\u00f3lver e atirou v\u00e1rias vezes. Os militares revidaram e o motociclista perdeu o controle da dire\u00e7\u00e3o. Os dois ca\u00edram e ele fugiu para um matagal, mas acabou preso. <\/p>\n<p>O adolescente foi levado para uma unidade de sa\u00fade em Buen\u00f3polis, onde o m\u00e9dico confirmou a morte. O outro envolvido, que tem v\u00e1rias passagens, n\u00e3o foi baleado. Ele foi socorrido e encaminhado para o mesmo local que o menor, com v\u00e1rias escoria\u00e7\u00f5es e uma fratura na perna. Ap\u00f3s ser atendido, foi encaminhado para o hospital de Curvelo, passou por cirurgia e segue internado, sob escolta policial. A arma utilizada no roubo foi apreendida. (G1)<\/p>\n","protected":false},"excerpt":{"rendered":"<p>Menor de 16 anos e comparsa de 24 roubaram moto. Menor tinha envolvimento em 14 atos infracionais, de acordo com a PM. Um menor de 16 anos morreu, nesta ter\u00e7a-feira, 10 de mar\u00e7o, em uma troca de tiros com a Pol\u00edcia Militar. Ele e outro rapaz, de 24, haviam roubado uma moto no Bairro Vila [&hellip;]<\/p>\n","protected":false},"author":1,"featured_media":12845,"comment_status":"open","ping_status":"closed","sticky":false,"template":"","format":"standard","meta":{"amp_status":"","footnotes":""},"categories":[123],"tags":[37174,960,197,1043,37171,37172,37173],"class_list":["post-54777","post","type-post","status-publish","format-standard","has-post-thumbnail","hentry","category-gerais","tag-adolescente-e-morto-em-troca-de-tiros-com-a-policia-militar-em-curvelo","tag-buenopolis","tag-curvelo","tag-joaquim-felicio","tag-menor-e-morto-em-troca-de-tiros-com-a-policia-militar-em-curvelo","tag-menor-morto-pela-policia-militar-em-curvelo","tag-morto-pela-policia-militar-em-curvelo"],"_links":{"self":[{"href":"https:\/\/aconteceunovale.com.br\/portal\/index.php?rest_route=\/wp\/v2\/posts\/54777","targetHints":{"allow":["GET"]}}],"collection":[{"href":"https:\/\/aconteceunovale.com.br\/portal\/index.php?rest_route=\/wp\/v2\/posts"}],"about":[{"href":"https:\/\/aconteceunovale.com.br\/portal\/index.php?rest_route=\/wp\/v2\/types\/post"}],"author":[{"embeddable":true,"href":"https:\/\/aconteceunovale.com.br\/portal\/index.php?rest_route=\/wp\/v2\/users\/1"}],"replies":[{"embeddable":true,"href":"https:\/\/aconteceunovale.com.br\/portal\/index.php?rest_route=%2Fwp%2Fv2%2Fcomments&post=54777"}],"version-history":[{"count":0,"href":"https:\/\/aconteceunovale.com.br\/portal\/index.php?rest_route=\/wp\/v2\/posts\/54777\/revisions"}],"wp:featuredmedia":[{"embeddable":true,"href":"https:\/\/aconteceunovale.com.br\/portal\/index.php?rest_route=\/wp\/v2\/media\/12845"}],"wp:attachment":[{"href":"https:\/\/aconteceunovale.com.br\/portal\/index.php?rest_route=%2Fwp%2Fv2%2Fmedia&parent=54777"}],"wp:term":[{"taxonomy":"category","embeddable":true,"href":"https:\/\/aconteceunovale.com.br\/portal\/index.php?rest_route=%2Fwp%2Fv2%2Fcategories&post=54777"},{"taxonomy":"post_tag","embeddable":true,"href":"https:\/\/aconteceunovale.com.br\/portal\/index.php?rest_route=%2Fwp%2Fv2%2Ftags&post=54777"}],"curies":[{"name":"wp","href":"https:\/\/api.w.org\/{rel}","templated":true}]}}