{"id":54765,"date":"2015-03-11T11:27:19","date_gmt":"2015-03-11T14:27:19","guid":{"rendered":"http:\/\/aconteceunovale.com.br\/portal\/?p=54765"},"modified":"2015-03-11T11:27:19","modified_gmt":"2015-03-11T14:27:19","slug":"ipsemg-convoca-pensionistas-para-recadastramento-anual","status":"publish","type":"post","link":"https:\/\/aconteceunovale.com.br\/portal\/?p=54765","title":{"rendered":"Ipsemg convoca pensionistas para recadastramento anual"},"content":{"rendered":"<h4><em><strong>O n\u00e3o comparecimento at\u00e9 31 de mar\u00e7o acarretar\u00e1 na reten\u00e7\u00e3o preventiva do pagamento da pens\u00e3o<\/strong><\/em><\/h4>\n<p>O\u00a0<a href=\"http:\/\/www.ipsemg.mg.gov.br\/\" target=\"_blank\">Instituto de Previd\u00eancia dos Servidores de Minas Gerais (Ipsemg)<\/a>\u00a0notifica e convoca pensionistas que n\u00e3o realizaram o recadastramento anual na data correspondente ao anivers\u00e1rio dos benefici\u00e1rios. Conforme edital n\u00ba 3.831\/2015,\u00a0<a href=\"http:\/\/jornal.iof.mg.gov.br\/xmlui\/handle\/123456789\/139012?paginaCorrente=01&amp;posicaoPagCorrente=139007&amp;linkBase=http%3A%2F%2Fjornal.iof.mg.gov.br%3A80%2Fxmlui%2Fhandle%2F123456789%2F&amp;totalPaginas=84&amp;paginaDestino=6&amp;indice=6\" target=\"_blank\">publicado no Di\u00e1rio Oficial de Minas Gerais<\/a>, no dia 3 de mar\u00e7o, o prazo para regulariza\u00e7\u00e3o do cadastro \u00e9 o \u00faltimo dia \u00fatil deste m\u00eas.<\/p>\n<p>Para o recadastramento, os pensionistas devem comparecer a uma das Unidades Regionais do Ipsemg, na capital ou interior, munidos do CPF, identidade e contracheque.\u00a0 O n\u00e3o comparecimento at\u00e9 31 de mar\u00e7o acarretar\u00e1 na reten\u00e7\u00e3o preventiva do pagamento da pens\u00e3o, que ser\u00e1 restabelecido t\u00e3o logo o pensionista se recadastre.<\/p>\n<p>Mais informa\u00e7\u00f5es pelo Lig Minas 155 (liga\u00e7\u00e3o gratuita), para residentes em Minas Gerais, ou (31) 3303-7995 (liga\u00e7\u00e3o tarifada), para outros estados ou ainda pelo e-mail\u00a0<a href=\"mailto:diprevresponde@ipsemg.mg.gov.br\">diprevresponde@ipsemg.mg.gov.br<\/a>.<\/p>\n","protected":false},"excerpt":{"rendered":"<p>O n\u00e3o comparecimento at\u00e9 31 de mar\u00e7o acarretar\u00e1 na reten\u00e7\u00e3o preventiva do pagamento da pens\u00e3o O\u00a0Instituto de Previd\u00eancia dos Servidores de Minas Gerais (Ipsemg)\u00a0notifica e convoca pensionistas que n\u00e3o realizaram o recadastramento anual na data correspondente ao anivers\u00e1rio dos benefici\u00e1rios. Conforme edital n\u00ba 3.831\/2015,\u00a0publicado no Di\u00e1rio Oficial de Minas Gerais, no dia 3 de mar\u00e7o, [&hellip;]<\/p>\n","protected":false},"author":1,"featured_media":54766,"comment_status":"open","ping_status":"closed","sticky":false,"template":"","format":"standard","meta":{"amp_status":"","footnotes":""},"categories":[123],"tags":[37156,901,37154,37152,37155,37153],"class_list":["post-54765","post","type-post","status-publish","format-standard","has-post-thumbnail","hentry","category-gerais","tag-instituto-de-previdencia-dos-servidores-de-minas-gerais","tag-ipsemg","tag-ipsemg-convoca-pensionistas","tag-ipsemg-convoca-pensionistas-para-recadastramento-anual","tag-pensionistas-do-ipsemg","tag-recadastramento-de-pensionistas-do-ipsemg"],"_links":{"self":[{"href":"https:\/\/aconteceunovale.com.br\/portal\/index.php?rest_route=\/wp\/v2\/posts\/54765","targetHints":{"allow":["GET"]}}],"collection":[{"href":"https:\/\/aconteceunovale.com.br\/portal\/index.php?rest_route=\/wp\/v2\/posts"}],"about":[{"href":"https:\/\/aconteceunovale.com.br\/portal\/index.php?rest_route=\/wp\/v2\/types\/post"}],"author":[{"embeddable":true,"href":"https:\/\/aconteceunovale.com.br\/portal\/index.php?rest_route=\/wp\/v2\/users\/1"}],"replies":[{"embeddable":true,"href":"https:\/\/aconteceunovale.com.br\/portal\/index.php?rest_route=%2Fwp%2Fv2%2Fcomments&post=54765"}],"version-history":[{"count":0,"href":"https:\/\/aconteceunovale.com.br\/portal\/index.php?rest_route=\/wp\/v2\/posts\/54765\/revisions"}],"wp:featuredmedia":[{"embeddable":true,"href":"https:\/\/aconteceunovale.com.br\/portal\/index.php?rest_route=\/wp\/v2\/media\/54766"}],"wp:attachment":[{"href":"https:\/\/aconteceunovale.com.br\/portal\/index.php?rest_route=%2Fwp%2Fv2%2Fmedia&parent=54765"}],"wp:term":[{"taxonomy":"category","embeddable":true,"href":"https:\/\/aconteceunovale.com.br\/portal\/index.php?rest_route=%2Fwp%2Fv2%2Fcategories&post=54765"},{"taxonomy":"post_tag","embeddable":true,"href":"https:\/\/aconteceunovale.com.br\/portal\/index.php?rest_route=%2Fwp%2Fv2%2Ftags&post=54765"}],"curies":[{"name":"wp","href":"https:\/\/api.w.org\/{rel}","templated":true}]}}