{"id":54763,"date":"2015-03-11T11:10:04","date_gmt":"2015-03-11T14:10:04","guid":{"rendered":"http:\/\/aconteceunovale.com.br\/portal\/?p=54763"},"modified":"2015-03-11T11:10:04","modified_gmt":"2015-03-11T14:10:04","slug":"plantao-do-samu-no-norte-de-minas-gerais-10-de-marco-de-2015","status":"publish","type":"post","link":"https:\/\/aconteceunovale.com.br\/portal\/?p=54763","title":{"rendered":"Plant\u00e3o do Samu no Norte de Minas Gerais &#8211; 10 de mar\u00e7o de 2015"},"content":{"rendered":"<h4><em><strong>Ter\u00e7a-feira, 10 de mar\u00e7o de 2015<\/strong><\/em><\/h4>\n<p>A unidade do SAMU de Montes Claros realizou na ter\u00e7a-feira, 10\/03, 71 atendimentos, sendo 48 casos cl\u00ednicos; 20 ocorr\u00eancias de acidente de tr\u00e2nsito; um ferimento por arma de fogo; e um morador de rua que sofreu agress\u00e3o f\u00edsica.<\/p>\n<p>\u00c0s 22h35, um menino de 4 anos foi atropelado por bicicleta no bairro JK e apresentava hematoma sensibilizado na cabe\u00e7a e escoria\u00e7\u00f5es na perna esquerda.<\/p>\n<p>\u00c0s 18h40, uma menina de 10 anos caiu de bicicleta e apresentou perda de consci\u00eancia no momento da queda e as 17h35, um menino de 09 anos tamb\u00e9m caiu de bicicleta no bairro Camilo Prates e fraturou o bra\u00e7o esquerdo.<\/p>\n<p>\u00c0s 15h30, a unidade do Samu foi acionada para atendimento a um homem de 31 anos que ficou ferido ap\u00f3s colidir de moto contra um carro na Avenida Cula Mangabeira, em frente \u00e0 prefeitura, regi\u00e3o central de Montes Claros. Ele conduzia a moto e estava consciente e orientado, se queixando de dor tor\u00e1cica e no joelho direito.<\/p>\n<p>\u00c0s 14h, a unidade do Samu foi acionada para atendimento a um homem de 53 anos que ficou ferido ap\u00f3s colidir de moto contra um carro no bairro Jardim Palmeiras. Ele conduzia a moto e estava consciente e orientado, se queixando de dor na perna direita, onde apresentava escoria\u00e7\u00f5es.<\/p>\n<p>Uma mulher de 28 anos caiu de moto por volta das 14h, na Avenida Ant\u00f4nio Pimenta, bairro Jardim S\u00e3o Luis. Ela estava na garupa do ve\u00edculo e apresentava fratura de f\u00eamur.<\/p>\n<p>Um homem de 32 anos caiu de moto por volta das 13h41, no bairro S\u00e3o Geraldo. Ele conduzia a moto e apresentava escoria\u00e7\u00f5es nas pernas e bra\u00e7os, se queixando de dor lombar.<\/p>\n<p>Um homem de 50 anos caiu de moto por volta das 13h, no bairro Monte Carmelo. Ele conduzia a moto e apresentava poss\u00edvel fratura do joelho esquerdo.<\/p>\n<p>\u00c0s 11h40, a unidade do Samu foi acionada para atendimento a um homem de 46 anos que caiu de moto no bairro Santo Expedito. Ele conduzia a moto e deambulava no local. Uma menina de 9 anos, que estava na garupa da moto, se queixava de dor no p\u00e9 direito, sem sinais de fratura.<\/p>\n<p>Duas pessoas, sendo uma mulher de 20 anos e um homem de 21, ficaram feridas em um acidente envolvendo uma moto e um caminh\u00e3o, ocorrido por volta de 8h30 no bairro Jaragu\u00e1 I. Eles estavam na noto e sofreram ferimentos nas pernas e bra\u00e7os.<\/p>\n<p>Um homem de 52 anos foi atropelado por uma moto por volta das 7h15, na rua Marechal Deodoro, no centro hist\u00f3rico de Montes Claros. Ele se queixava de dor no p\u00e9 direito, onde apresentava escoria\u00e7\u00f5es.<\/p>\n<p>Um homem de 26 anos caiu de moto por volta das 7h20, na LMG-653, no anel rodovi\u00e1rio. Ele se queixava de dor no joelho direito, sem sinais de fratura.<\/p>\n<p>Duas pessoas ficaram feridas em acidente envolvendo um carro e uma moto, ocorrido por volta das 6h40, no bairro Jaragu\u00e1 II. Um homem de 34 anos e uma mulher de 23 sofreram ferimentos nas pernas e bra\u00e7os e escoria\u00e7\u00f5es pelo corpo.<\/p>\n<p>Em todas as ocorr\u00eancias os feridos receberam os primeiros atendimentos no local e foram encaminhados ao hospital para avalia\u00e7\u00e3o.<\/p>\n","protected":false},"excerpt":{"rendered":"<p>Ter\u00e7a-feira, 10 de mar\u00e7o de 2015 A unidade do SAMU de Montes Claros realizou na ter\u00e7a-feira, 10\/03, 71 atendimentos, sendo 48 casos cl\u00ednicos; 20 ocorr\u00eancias de acidente de tr\u00e2nsito; um ferimento por arma de fogo; e um morador de rua que sofreu agress\u00e3o f\u00edsica. \u00c0s 22h35, um menino de 4 anos foi atropelado por bicicleta [&hellip;]<\/p>\n","protected":false},"author":1,"featured_media":46383,"comment_status":"open","ping_status":"closed","sticky":false,"template":"","format":"standard","meta":{"amp_status":"","footnotes":""},"categories":[1236],"tags":[210,24659,24089,18898,18108,37151,18629,21139,4040],"class_list":["post-54763","post","type-post","status-publish","format-standard","has-post-thumbnail","hentry","category-norte_de_minas","tag-montes-claros","tag-plantao-do-samu-de-montes-claros","tag-plantao-do-samu-do-norte-de-minas","tag-plantao-do-samu-macro-norte","tag-plantao-do-samu-no-norte-de-minas-gerais","tag-plantao-do-samu-no-norte-de-minas-gerais-10-de-marco-de-2015","tag-samu-de-montes-claros","tag-samu-do-norte-de-minas","tag-samu-macro-norte"],"_links":{"self":[{"href":"https:\/\/aconteceunovale.com.br\/portal\/index.php?rest_route=\/wp\/v2\/posts\/54763","targetHints":{"allow":["GET"]}}],"collection":[{"href":"https:\/\/aconteceunovale.com.br\/portal\/index.php?rest_route=\/wp\/v2\/posts"}],"about":[{"href":"https:\/\/aconteceunovale.com.br\/portal\/index.php?rest_route=\/wp\/v2\/types\/post"}],"author":[{"embeddable":true,"href":"https:\/\/aconteceunovale.com.br\/portal\/index.php?rest_route=\/wp\/v2\/users\/1"}],"replies":[{"embeddable":true,"href":"https:\/\/aconteceunovale.com.br\/portal\/index.php?rest_route=%2Fwp%2Fv2%2Fcomments&post=54763"}],"version-history":[{"count":0,"href":"https:\/\/aconteceunovale.com.br\/portal\/index.php?rest_route=\/wp\/v2\/posts\/54763\/revisions"}],"wp:featuredmedia":[{"embeddable":true,"href":"https:\/\/aconteceunovale.com.br\/portal\/index.php?rest_route=\/wp\/v2\/media\/46383"}],"wp:attachment":[{"href":"https:\/\/aconteceunovale.com.br\/portal\/index.php?rest_route=%2Fwp%2Fv2%2Fmedia&parent=54763"}],"wp:term":[{"taxonomy":"category","embeddable":true,"href":"https:\/\/aconteceunovale.com.br\/portal\/index.php?rest_route=%2Fwp%2Fv2%2Fcategories&post=54763"},{"taxonomy":"post_tag","embeddable":true,"href":"https:\/\/aconteceunovale.com.br\/portal\/index.php?rest_route=%2Fwp%2Fv2%2Ftags&post=54763"}],"curies":[{"name":"wp","href":"https:\/\/api.w.org\/{rel}","templated":true}]}}