{"id":54759,"date":"2015-03-11T10:55:30","date_gmt":"2015-03-11T13:55:30","guid":{"rendered":"http:\/\/aconteceunovale.com.br\/portal\/?p=54759"},"modified":"2015-03-11T10:55:30","modified_gmt":"2015-03-11T13:55:30","slug":"previsao-do-tempo-para-minas-gerais-nesta-quarta-feira-11-de-marco","status":"publish","type":"post","link":"https:\/\/aconteceunovale.com.br\/portal\/?p=54759","title":{"rendered":"Previs\u00e3o do tempo para Minas Gerais nesta quarta-feira, 11 de mar\u00e7o"},"content":{"rendered":"<h4><em><strong>Tempo nublado, com possibilidade de chuvas em boa parte do Estado<\/strong><\/em><\/h4>\n<p>Nesta quarta-feira (11\/3), a atua\u00e7\u00e3o de \u00e1reas de instabilidade provoca chuva significativa em grande parte do Sudeste brasileiro. No Estado de Minas Gerais, o tempo segue nublado com pancadas de chuva no Centro, Noroeste, Sul, Oeste, Zona da Mata, Campo das Vertentes, Alto Parana\u00edba e Tri\u00e2ngulo Mineiro. Nas outras regi\u00f5es do Estado, o tempo deve ficar parcialmente nublado, com pancadas de chuva isoladas.<\/p>\n<p>Na Regi\u00e3o Metropolitana de Belo Horizonte, mais um dia com tempo inst\u00e1vel e h\u00e1 previs\u00e3o de pancadas de chuva a qualquer hora. Hoje, na capital mineira, a temperatura m\u00ednima registrada foi 17\u00b0C e a m\u00e1xima deve ficar na casa dos 26\u00b0C.<\/p>\n","protected":false},"excerpt":{"rendered":"<p>Tempo nublado, com possibilidade de chuvas em boa parte do Estado Nesta quarta-feira (11\/3), a atua\u00e7\u00e3o de \u00e1reas de instabilidade provoca chuva significativa em grande parte do Sudeste brasileiro. No Estado de Minas Gerais, o tempo segue nublado com pancadas de chuva no Centro, Noroeste, Sul, Oeste, Zona da Mata, Campo das Vertentes, Alto Parana\u00edba [&hellip;]<\/p>\n","protected":false},"author":1,"featured_media":51728,"comment_status":"open","ping_status":"closed","sticky":false,"template":"","format":"standard","meta":{"amp_status":"","footnotes":""},"categories":[123],"tags":[37141,1956,1839,29094,37142],"class_list":["post-54759","post","type-post","status-publish","format-standard","has-post-thumbnail","hentry","category-gerais","tag-11-de-marco","tag-previsao-do-tempo","tag-previsao-do-tempo-para-minas-gerais","tag-previsao-do-tempo-para-minas-gerais-nesta-quarta-feira","tag-previsao-do-tempo-para-minas-gerais-nesta-quarta-feira-11-de-marco"],"_links":{"self":[{"href":"https:\/\/aconteceunovale.com.br\/portal\/index.php?rest_route=\/wp\/v2\/posts\/54759","targetHints":{"allow":["GET"]}}],"collection":[{"href":"https:\/\/aconteceunovale.com.br\/portal\/index.php?rest_route=\/wp\/v2\/posts"}],"about":[{"href":"https:\/\/aconteceunovale.com.br\/portal\/index.php?rest_route=\/wp\/v2\/types\/post"}],"author":[{"embeddable":true,"href":"https:\/\/aconteceunovale.com.br\/portal\/index.php?rest_route=\/wp\/v2\/users\/1"}],"replies":[{"embeddable":true,"href":"https:\/\/aconteceunovale.com.br\/portal\/index.php?rest_route=%2Fwp%2Fv2%2Fcomments&post=54759"}],"version-history":[{"count":0,"href":"https:\/\/aconteceunovale.com.br\/portal\/index.php?rest_route=\/wp\/v2\/posts\/54759\/revisions"}],"wp:featuredmedia":[{"embeddable":true,"href":"https:\/\/aconteceunovale.com.br\/portal\/index.php?rest_route=\/wp\/v2\/media\/51728"}],"wp:attachment":[{"href":"https:\/\/aconteceunovale.com.br\/portal\/index.php?rest_route=%2Fwp%2Fv2%2Fmedia&parent=54759"}],"wp:term":[{"taxonomy":"category","embeddable":true,"href":"https:\/\/aconteceunovale.com.br\/portal\/index.php?rest_route=%2Fwp%2Fv2%2Fcategories&post=54759"},{"taxonomy":"post_tag","embeddable":true,"href":"https:\/\/aconteceunovale.com.br\/portal\/index.php?rest_route=%2Fwp%2Fv2%2Ftags&post=54759"}],"curies":[{"name":"wp","href":"https:\/\/api.w.org\/{rel}","templated":true}]}}