{"id":54754,"date":"2015-03-11T00:02:15","date_gmt":"2015-03-11T03:02:15","guid":{"rendered":"http:\/\/aconteceunovale.com.br\/portal\/?p=54754"},"modified":"2015-03-11T00:02:15","modified_gmt":"2015-03-11T03:02:15","slug":"senado-aprova-fim-de-coligacoes-em-eleicoes-para-deputados-e-vereadores","status":"publish","type":"post","link":"https:\/\/aconteceunovale.com.br\/portal\/?p=54754","title":{"rendered":"Senado aprova fim de coliga\u00e7\u00f5es em elei\u00e7\u00f5es para deputados e vereadores"},"content":{"rendered":"<p>O Senado aprovou nesta ter\u00e7a-feira, 10 de mar\u00e7o, em primeiro turno, a Proposta de emenda \u00e0 Constitui\u00e7\u00e3o (PEC) 40, que acaba com as coliga\u00e7\u00f5es eleitorais em elei\u00e7\u00f5es proporcionais. Elas valer\u00e3o apenas para as elei\u00e7\u00f5es majorit\u00e1rias. A PEC 40 \u00e9 uma das que fazem parte da reforma pol\u00edtica. <\/p>\n<p>Na pr\u00e1tica, a PEC estabelece que os partidos s\u00f3 poder\u00e3o se coligar nas elei\u00e7\u00f5es para cargos do Executivo \u2013 federal, estadual e municipal \u2013 e para o Senado. Dessa forma, ficam proibidas as coliga\u00e7\u00f5es para as disputas \u00e0 C\u00e2mara dos Deputados, assembleias legislativas, C\u00e2mara Legislativa do Distrito Federal e c\u00e2maras de vereadores municipais.<\/p>\n<p>Pela proposta, n\u00e3o ser\u00e1 mais poss\u00edvel, por exemplo, que dois partidos que n\u00e3o alcan\u00e7aram o n\u00famero necess\u00e1rio de votos para atingir o coeficiente eleitoral se unam para eleger um candidato. Tamb\u00e9m n\u00e3o haver\u00e1 mais substitui\u00e7\u00e3o de parlamentar eleito por um suplente de outro partido.<\/p>\n<p>A PEC foi aprovada em primeiro turno, mas somente o texto base, sem a an\u00e1lise das emendas apresentadas. Um calend\u00e1rio especial para a conclus\u00e3o da vota\u00e7\u00e3o de primeiro turno e para o segundo turno tamb\u00e9m foi aprovado pelos senadores. A expectativa \u00e9 que a vota\u00e7\u00e3o final aconte\u00e7a na pr\u00f3xima semana, quebrando os interst\u00edcios das tr\u00eas sess\u00f5es de discuss\u00e3o necess\u00e1rias para sua vota\u00e7\u00e3o. (Ag\u00eancia Brasil)<\/p>\n","protected":false},"excerpt":{"rendered":"<p>O Senado aprovou nesta ter\u00e7a-feira, 10 de mar\u00e7o, em primeiro turno, a Proposta de emenda \u00e0 Constitui\u00e7\u00e3o (PEC) 40, que acaba com as coliga\u00e7\u00f5es eleitorais em elei\u00e7\u00f5es proporcionais. Elas valer\u00e3o apenas para as elei\u00e7\u00f5es majorit\u00e1rias. A PEC 40 \u00e9 uma das que fazem parte da reforma pol\u00edtica. Na pr\u00e1tica, a PEC estabelece que os partidos [&hellip;]<\/p>\n","protected":false},"author":1,"featured_media":54755,"comment_status":"open","ping_status":"closed","sticky":false,"template":"","format":"standard","meta":{"amp_status":"","footnotes":""},"categories":[6],"tags":[37135,37136,37137,37139,37133,37140,37130,37131,37134,37138,20098,37132,37129],"class_list":["post-54754","post","type-post","status-publish","format-standard","has-post-thumbnail","hentry","category-br","tag-acaba-com-as-coligacoes-eleitorais-em-eleicoes-proporcionais","tag-coligacoes-partidarias","tag-eleicoes-proporcionais","tag-fim-das-coligacoes","tag-fim-das-coligacoes-nas-eleicoes-proporcionais","tag-fim-das-coligacoes-proporcionais","tag-fim-de-coligacoes-em-eleicoes-para-deputados","tag-fim-de-coligacoes-em-eleicoes-para-vereadores","tag-pec-40","tag-pec-402011","tag-reforma-politica","tag-senado-aprova-fim-das-coligacoes-nas-eleicoes-proporcionais","tag-senado-aprova-fim-de-coligacoes-em-eleicoes-para-deputados-e-vereadores"],"_links":{"self":[{"href":"https:\/\/aconteceunovale.com.br\/portal\/index.php?rest_route=\/wp\/v2\/posts\/54754","targetHints":{"allow":["GET"]}}],"collection":[{"href":"https:\/\/aconteceunovale.com.br\/portal\/index.php?rest_route=\/wp\/v2\/posts"}],"about":[{"href":"https:\/\/aconteceunovale.com.br\/portal\/index.php?rest_route=\/wp\/v2\/types\/post"}],"author":[{"embeddable":true,"href":"https:\/\/aconteceunovale.com.br\/portal\/index.php?rest_route=\/wp\/v2\/users\/1"}],"replies":[{"embeddable":true,"href":"https:\/\/aconteceunovale.com.br\/portal\/index.php?rest_route=%2Fwp%2Fv2%2Fcomments&post=54754"}],"version-history":[{"count":0,"href":"https:\/\/aconteceunovale.com.br\/portal\/index.php?rest_route=\/wp\/v2\/posts\/54754\/revisions"}],"wp:featuredmedia":[{"embeddable":true,"href":"https:\/\/aconteceunovale.com.br\/portal\/index.php?rest_route=\/wp\/v2\/media\/54755"}],"wp:attachment":[{"href":"https:\/\/aconteceunovale.com.br\/portal\/index.php?rest_route=%2Fwp%2Fv2%2Fmedia&parent=54754"}],"wp:term":[{"taxonomy":"category","embeddable":true,"href":"https:\/\/aconteceunovale.com.br\/portal\/index.php?rest_route=%2Fwp%2Fv2%2Fcategories&post=54754"},{"taxonomy":"post_tag","embeddable":true,"href":"https:\/\/aconteceunovale.com.br\/portal\/index.php?rest_route=%2Fwp%2Fv2%2Ftags&post=54754"}],"curies":[{"name":"wp","href":"https:\/\/api.w.org\/{rel}","templated":true}]}}