{"id":54740,"date":"2015-03-10T20:29:44","date_gmt":"2015-03-10T23:29:44","guid":{"rendered":"http:\/\/aconteceunovale.com.br\/portal\/?p=54740"},"modified":"2015-03-10T20:29:44","modified_gmt":"2015-03-10T23:29:44","slug":"dilma-diz-que-espera-recuperacao-da-economia-brasileira-ate-o-fim-do-ano-2","status":"publish","type":"post","link":"https:\/\/aconteceunovale.com.br\/portal\/?p=54740","title":{"rendered":"Dilma diz que espera recupera\u00e7\u00e3o da economia brasileira at\u00e9 o fim do ano"},"content":{"rendered":"<p>A presidenta Dilma Rousseff disse nesta ter\u00e7a-feira, 10 de mar\u00e7o, que espera que a economia brasileira supere a crise at\u00e9 o fim do ano. \u201cN\u00f3s vamos fazer todo o esfor\u00e7o ao nosso alcance para que, at\u00e9 o final deste ano, os sinais de recupera\u00e7\u00e3o j\u00e1 comecem a aparecer\u201d, declarou ao discursar na abertura do 21\u00ba Sal\u00e3o Internacional da Constru\u00e7\u00e3o (Feicon-Batimat), na zona norte da capital paulista. Dilma admitiu, no entanto, que o momento \u00e9 delicado. \u201cEu n\u00e3o ignoro a desacelera\u00e7\u00e3o do setor e da economia vivenciada no momento atual. Eu tenho trabalhado de forma sistem\u00e1tica para superar ainda este ano essa desacelera\u00e7\u00e3o\u201d, disse logo no in\u00edcio de sua fala.<\/p>\n<p>Antes da cerim\u00f4nia, a presidenta foi recebida com vaias pelos funcion\u00e1rios respons\u00e1veis pela montagem dos boxes de exposi\u00e7\u00e3o. Dilma visitava o pavilh\u00e3o que passava por ajustes antes de ser aberto ao p\u00fablico. Ela estava acompanhada do ministro das Cidades, Gilberto Kassab, e de representantes empresariais do setor da ind\u00fastria e com\u00e9rcio de materiais de constru\u00e7\u00e3o. A feira re\u00fane 2 mil marcas nacionais e internacionais e espera receber 120 mil visitantes at\u00e9 s\u00e1bado (14).<\/p>\n<p>O presidente da Associa\u00e7\u00e3o Brasileira da Ind\u00fastria de Materiais de Constru\u00e7\u00e3o (Abramat), Walter Cover, defendeu o processo democr\u00e1tico no pa\u00eds, durante o evento de abertura, para uma plateia de executivos. \u201cO empres\u00e1rio, em sua grande maioria, mesmo com esse momento dif\u00edcil, tem mantido o equil\u00edbrio, quer a governabilidade e a perman\u00eancia do processo democr\u00e1tico. Est\u00e1 fazendo a cr\u00edtica precisa, n\u00e3o aquela simplista e generalista\u201d, declarou. Ontem (9), a presidenta Dilma tamb\u00e9m destacou a import\u00e2ncia da democracia ao comentar os panela\u00e7os ocorridos contra o governo, no \u00faltimo domingo (8), em algumas regi\u00f5es do pa\u00eds.  <\/p>\n<p>Apesar de assumir que o pa\u00eds passa por um momento de dificuldades, Dilma disse que alguns setores da sociedade v\u00eam exagerando na propor\u00e7\u00e3o dos problemas. \u201cNem de longe, n\u00f3s estamos vivendo uma crise nas dimens\u00f5es que alguns dizem que n\u00f3s estamos vivendo. N\u00f3s passamos por problemas estritamente conjunturais, porque nossos fundamentos, hoje, s\u00e3o s\u00f3lidos\u201d, ressaltou.<\/p>\n<p>Para superar a crise, a presidenta voltou a defender a necessidade de medidas de ajuste fiscal. \u201cN\u00f3s temos que fazer corre\u00e7\u00f5es e ajustes. Justamente para isso, n\u00f3s estamos tomando medidas que ajustam as contas p\u00fablicas. Porque n\u00f3s absorvemos, no or\u00e7amento do governo federal, uma parte importante da crise\u201d, disse, em refer\u00eancia \u00e0s turbul\u00eancias enfrentadas pela economia mundial desde 2009. \u201cIsso \u00e9 o que impede que, sem fazer alguns ajustes, mantenhamos o ritmo anterior de desonera\u00e7\u00e3o e subs\u00eddio\u201d, acrescentou, para justificar o fim das medidas de incentivo.<\/p>\n<p>A presidenta destacou, entretanto, que os ajustes t\u00eam como objetivo permitir que o Brasil volte a crescer. \u201cMas essas corre\u00e7\u00f5es e ajustes t\u00eam prop\u00f3sitos muito claros. Eles refor\u00e7am ainda mais os fundamentos econ\u00f4micos do pa\u00eds. E constroem novas condi\u00e7\u00f5es para retomada tanto do crescimento quanto do emprego\u201d, destacou. (Ag\u00eancia Brasil)<\/p>\n","protected":false},"excerpt":{"rendered":"<p>A presidenta Dilma Rousseff disse nesta ter\u00e7a-feira, 10 de mar\u00e7o, que espera que a economia brasileira supere a crise at\u00e9 o fim do ano. \u201cN\u00f3s vamos fazer todo o esfor\u00e7o ao nosso alcance para que, at\u00e9 o final deste ano, os sinais de recupera\u00e7\u00e3o j\u00e1 comecem a aparecer\u201d, declarou ao discursar na abertura do 21\u00ba [&hellip;]<\/p>\n","protected":false},"author":1,"featured_media":42591,"comment_status":"open","ping_status":"closed","sticky":false,"template":"","format":"standard","meta":{"amp_status":"","footnotes":""},"categories":[6],"tags":[37088,37082,37084,37086,37091,37083,37085,37095,2162,37087,37089,27850,37090,37093,37094,37096,37092],"class_list":["post-54740","post","type-post","status-publish","format-standard","has-post-thumbnail","hentry","category-br","tag-21o-salao-internacional-da-construcao","tag-abramat","tag-ajuste-fiscal","tag-ajuste-fiscal-no-brasil","tag-associacao-brasileira-da-industria-de-materiais-de-construcao","tag-crise-economica","tag-crise-economica-no-brasil","tag-dilma-diz-que-espera-recuperacao-da-economia-brasileira-ate-o-fim-do-ano","tag-dilma-rousseff","tag-espera-que-a-economia-brasileira-supere-a-crise-ate-o-fim-do-ano","tag-feicon-batimat","tag-gilberto-kassab","tag-ministro-das-cidades","tag-panelacos","tag-panelacos-contra-o-governo","tag-recuperacao-da-economia-brasileira","tag-walter-cover"],"_links":{"self":[{"href":"https:\/\/aconteceunovale.com.br\/portal\/index.php?rest_route=\/wp\/v2\/posts\/54740","targetHints":{"allow":["GET"]}}],"collection":[{"href":"https:\/\/aconteceunovale.com.br\/portal\/index.php?rest_route=\/wp\/v2\/posts"}],"about":[{"href":"https:\/\/aconteceunovale.com.br\/portal\/index.php?rest_route=\/wp\/v2\/types\/post"}],"author":[{"embeddable":true,"href":"https:\/\/aconteceunovale.com.br\/portal\/index.php?rest_route=\/wp\/v2\/users\/1"}],"replies":[{"embeddable":true,"href":"https:\/\/aconteceunovale.com.br\/portal\/index.php?rest_route=%2Fwp%2Fv2%2Fcomments&post=54740"}],"version-history":[{"count":0,"href":"https:\/\/aconteceunovale.com.br\/portal\/index.php?rest_route=\/wp\/v2\/posts\/54740\/revisions"}],"wp:featuredmedia":[{"embeddable":true,"href":"https:\/\/aconteceunovale.com.br\/portal\/index.php?rest_route=\/wp\/v2\/media\/42591"}],"wp:attachment":[{"href":"https:\/\/aconteceunovale.com.br\/portal\/index.php?rest_route=%2Fwp%2Fv2%2Fmedia&parent=54740"}],"wp:term":[{"taxonomy":"category","embeddable":true,"href":"https:\/\/aconteceunovale.com.br\/portal\/index.php?rest_route=%2Fwp%2Fv2%2Fcategories&post=54740"},{"taxonomy":"post_tag","embeddable":true,"href":"https:\/\/aconteceunovale.com.br\/portal\/index.php?rest_route=%2Fwp%2Fv2%2Ftags&post=54740"}],"curies":[{"name":"wp","href":"https:\/\/api.w.org\/{rel}","templated":true}]}}