{"id":54727,"date":"2015-03-10T19:18:45","date_gmt":"2015-03-10T22:18:45","guid":{"rendered":"http:\/\/aconteceunovale.com.br\/portal\/?p=54727"},"modified":"2015-03-10T19:18:45","modified_gmt":"2015-03-10T22:18:45","slug":"divulgados-os-gabaritos-das-provas-objetivas-dos-concursos-da-educacao","status":"publish","type":"post","link":"https:\/\/aconteceunovale.com.br\/portal\/?p=54727","title":{"rendered":"Divulgados os gabaritos das provas objetivas dos concursos da Educa\u00e7\u00e3o"},"content":{"rendered":"<h4><em><strong>Consulta pode ser feita no site do Instituto Brasileiro de Forma\u00e7\u00e3o e Capacita\u00e7\u00e3o durante esta semana<\/strong><\/em><\/h4>\n<p>Est\u00e3o dispon\u00edveis para consulta p\u00fablica os gabaritos preliminares e o caderno de quest\u00f5es das provas objetivas dos concursos da Educa\u00e7\u00e3o. As publica\u00e7\u00f5es podem ser acessadas\u00a0no\u00a0<a href=\"http:\/\/www.ibfc.org.br\/\" target=\"_blank\">site www.ibfc.org.br<\/a>\u00a0do\u00a0<a href=\"http:\/\/www.ibfc.org.br\/\" target=\"_blank\">Instituto Brasileiro de Forma\u00e7\u00e3o e Capacita\u00e7\u00e3o (IBFC)<\/a>, respons\u00e1vel pela realiza\u00e7\u00e3o dos concursos p\u00fablicos, at\u00e9 \u00e0s 16h, do dia 12 de mar\u00e7o.<\/p>\n<p>As provas foram aplicadas no \u00faltimo domingo (8\/3) e tiveram a participa\u00e7\u00e3o de mais de 193 mil candidatos. Os concursos oferecem oportunidades para o preenchimento de vagas nas \u00e1reas do Conservat\u00f3rio de M\u00fasica, Educa\u00e7\u00e3o Especial, Ensino Religioso e atua\u00e7\u00e3o no Ensino Regular, esta \u00faltima \u00e1rea obteve o maior n\u00famero de inscri\u00e7\u00f5es, somando 175.070 mil candidatos. Considerando todos os cargos, est\u00e3o sendo ofertadas mais de 17 mil vagas para os interessados em ingressarem no servi\u00e7o p\u00fablico.<\/p>\n","protected":false},"excerpt":{"rendered":"<p>Consulta pode ser feita no site do Instituto Brasileiro de Forma\u00e7\u00e3o e Capacita\u00e7\u00e3o durante esta semana Est\u00e3o dispon\u00edveis para consulta p\u00fablica os gabaritos preliminares e o caderno de quest\u00f5es das provas objetivas dos concursos da Educa\u00e7\u00e3o. As publica\u00e7\u00f5es podem ser acessadas\u00a0no\u00a0site www.ibfc.org.br\u00a0do\u00a0Instituto Brasileiro de Forma\u00e7\u00e3o e Capacita\u00e7\u00e3o (IBFC), respons\u00e1vel pela realiza\u00e7\u00e3o dos concursos p\u00fablicos, at\u00e9 [&hellip;]<\/p>\n","protected":false},"author":1,"featured_media":54482,"comment_status":"open","ping_status":"closed","sticky":false,"template":"","format":"standard","meta":{"amp_status":"","footnotes":""},"categories":[123],"tags":[37040,37044,37042,37041,37045,37046,37043],"class_list":["post-54727","post","type-post","status-publish","format-standard","has-post-thumbnail","hentry","category-gerais","tag-abaritos-preliminares-e-o-caderno-de-questoes-das-provas-objetivas-dos-concursos-da-educacao","tag-divulgados-os-gabaritos-das-provas-objetivas-dos-concursos-da-educacao","tag-gabarito-concurso-da-educacao-em-minas-gerais","tag-gabarito-do-concurso-publico-da-educacao-em-minas-gerais","tag-gabaritos-das-provas-objetivas-dos-concursos-da-educacao","tag-gabaritos-das-provas-objetivas-dos-concursos-da-educacao-de-minas-gerais","tag-instituto-brasileiro-de-formacao-e-capacitacao"],"_links":{"self":[{"href":"https:\/\/aconteceunovale.com.br\/portal\/index.php?rest_route=\/wp\/v2\/posts\/54727","targetHints":{"allow":["GET"]}}],"collection":[{"href":"https:\/\/aconteceunovale.com.br\/portal\/index.php?rest_route=\/wp\/v2\/posts"}],"about":[{"href":"https:\/\/aconteceunovale.com.br\/portal\/index.php?rest_route=\/wp\/v2\/types\/post"}],"author":[{"embeddable":true,"href":"https:\/\/aconteceunovale.com.br\/portal\/index.php?rest_route=\/wp\/v2\/users\/1"}],"replies":[{"embeddable":true,"href":"https:\/\/aconteceunovale.com.br\/portal\/index.php?rest_route=%2Fwp%2Fv2%2Fcomments&post=54727"}],"version-history":[{"count":0,"href":"https:\/\/aconteceunovale.com.br\/portal\/index.php?rest_route=\/wp\/v2\/posts\/54727\/revisions"}],"wp:featuredmedia":[{"embeddable":true,"href":"https:\/\/aconteceunovale.com.br\/portal\/index.php?rest_route=\/wp\/v2\/media\/54482"}],"wp:attachment":[{"href":"https:\/\/aconteceunovale.com.br\/portal\/index.php?rest_route=%2Fwp%2Fv2%2Fmedia&parent=54727"}],"wp:term":[{"taxonomy":"category","embeddable":true,"href":"https:\/\/aconteceunovale.com.br\/portal\/index.php?rest_route=%2Fwp%2Fv2%2Fcategories&post=54727"},{"taxonomy":"post_tag","embeddable":true,"href":"https:\/\/aconteceunovale.com.br\/portal\/index.php?rest_route=%2Fwp%2Fv2%2Ftags&post=54727"}],"curies":[{"name":"wp","href":"https:\/\/api.w.org\/{rel}","templated":true}]}}