{"id":54716,"date":"2015-03-10T18:57:48","date_gmt":"2015-03-10T21:57:48","guid":{"rendered":"http:\/\/aconteceunovale.com.br\/portal\/?p=54716"},"modified":"2015-03-10T18:57:48","modified_gmt":"2015-03-10T21:57:48","slug":"mulheres-chefiam-88-das-familias-atendidas-pelo-bolsa-familia-em-minas-gerais","status":"publish","type":"post","link":"https:\/\/aconteceunovale.com.br\/portal\/?p=54716","title":{"rendered":"Mulheres chefiam 88% das fam\u00edlias atendidas pelo Bolsa Fam\u00edlia em Minas Gerais"},"content":{"rendered":"<h4><em><strong>Parte do benef\u00edcio \u00e9 utilizado na educa\u00e7\u00e3o dos filhos e na pr\u00f3pria qualifica\u00e7\u00e3o profissional para entrar no mercado de trabalho<\/strong><\/em><\/h4>\n<p>Dados do Cadastro \u00danico para Programas Sociais (Cad\u00danico) apontam que Minas Gerais possui  cerca de 1,1 milh\u00e3o de fam\u00edlias beneficiadas pelo Programa Bolsa Fam\u00edlia. Deste total, quase 968 mil, ou 88%, s\u00e3o chefiadas por mulheres. Ao todo, o pa\u00eds possui 2.890.614 fam\u00edlias inscritas no Cadastro \u00danico e mais de 2,5 milh\u00f5es de benefici\u00e1rios t\u00eam a mulher como respons\u00e1vel familiar, o que corresponde a 87,45% do total.<\/p>\n<p><img decoding=\"async\" src=\"http:\/\/aconteceunovale.com.br\/portal\/wp-content\/uploads\/2015\/03\/mulheres-chefiam-88-das-familias-atendidas-pelo-bolsa-familia-em-minas-gerais.jpg\" alt=\"\" \/><em>Simone recebe atendimento no CRAS de Lagoa Santa &#8211; Foto: Paulo Bellardini \/ Divulga\u00e7\u00e3o<\/em><br \/>\n<\/br><\/p>\n<p>Esta realidade coloca a mulher diante de escolhas e oportunidades, como a participa\u00e7\u00e3o no planejamento familiar e a busca de qualifica\u00e7\u00e3o profissional para melhorar as condi\u00e7\u00f5es de vida de seus familiares. Exemplo disso \u00e9 Simone Mana Barbosa, 34 anos, moradora de Lagoa Santa, na Regi\u00e3o Metropolitana de Belo Horizonte.  Benefici\u00e1ria do Bolsa Fam\u00edlia h\u00e1 mais de 10 anos, Simone \u00e9 m\u00e3e de cinco filhos, com idades entre 7 anos e 17 anos. Mesmo com o benef\u00edcio, ela n\u00e3o se acomoda com a situa\u00e7\u00e3o.<\/p>\n<p>Separada, Simone mora sozinha com os filhos e batalha para melhorar sua condi\u00e7\u00e3o de vida. \u201cCom a ajuda do programa, voltei a estudar e ano passado terminei o EJA (Educa\u00e7\u00e3o de Jovens Adultos) do ensino m\u00e9dio. Tamb\u00e9m fiz um curso t\u00e9cnico de auxiliar de enfermagem e agora estou terminando o est\u00e1gio obrigat\u00f3rio\u201d, relata Simone.<\/p>\n<p>Para dar conta da rotina corrida, Simone abriu m\u00e3o da conviv\u00eancia di\u00e1ria com os filhos. Ela sa\u00eda de casa \u00e0s 5h e voltava \u00e0s 23h. \u201cN\u00e3o foi um per\u00edodo f\u00e1cil. Sa\u00eda cedo de casa para trabalhar em casa de fam\u00edlia. Andava muito a p\u00e9, para economizar o dinheiro da passagem e usar quando fosse preciso mesmo\u201d, conta.<\/p>\n<p>No final do ano passado, ela fez o Exame Nacional do Ensino M\u00e9dio (Enem). Como recompensa de todo esfor\u00e7o, conseguiu uma \u201cnota legal\u201d, como ela mesma disse, e agora  quer utiliz\u00e1-la para cursar o superior de Enfermagem. Simone fala, com brilho nos olhos, sobre a futura profiss\u00e3o. \u201c\u00c9 uma \u00e1rea que eu gosto muito; quero trabalhar no Samu, com resgate. Gosto muito de a\u00e7\u00e3o\u201d.<\/p>\n<p><strong>Educa\u00e7\u00e3o<\/strong><\/p>\n<p>Mas Simone n\u00e3o para de fazer planos. O pr\u00f3ximo passo \u00e9 ingressar na faculdade, conseguir dois empregos e assim repassar o benef\u00edcio para que outras fam\u00edlias possam ter a mesma oportunidade. \u201cHoje eu me considero uma guerreira, uma vencedora e espero que outras fam\u00edlias possam realizar seus sonhos como estou conseguindo realizar os meus\u201d, finaliza.<\/p>\n<p>A trajet\u00f3ria de Simone se reflete nas estat\u00edsticas do Minist\u00e9rio da Educa\u00e7\u00e3o e do Instituto Nacional de Estudos e Pesquisas Educacionais (Inep), que mostram uma evolu\u00e7\u00e3o na participa\u00e7\u00e3o da mulher em cursos de gradua\u00e7\u00e3o. Em 2009, o n\u00famero de mulheres frequentando a faculdade era de 1.150.312, enquanto o de homens era de 914.770. J\u00e1 em 2012, o n\u00famero de mulheres saltou para 1.541.460 e o de homens foi de 1.205.629, o que significa que mais da metade (56,1%) de participantes em cursos de gradua\u00e7\u00e3o \u00e9 formado pelo p\u00fablico feminino.<\/p>\n<p>Apesar da crescente qualifica\u00e7\u00e3o, dados do Minist\u00e9rio do Trabalho e Emprego (MTE) revelam que as mulheres possuem rendimentos menores que os homens. Para se ter uma ideia, dados de 2013 mostram que o homens recebiam em m\u00e9dia R$ 2.451,20 &#8211; e as mulheres, R$ 1.953,19.<\/p>\n<p>Para o superintendente de Pol\u00edtica de Trabalho e Emprego da Sedese, Bruno Magalh\u00e3es, a situa\u00e7\u00e3o de diferencia\u00e7\u00e3o salarial exige a realiza\u00e7\u00e3o de pol\u00edticas p\u00fablicas especificas. \u201cA Secretaria de Estado de Trabalho e Desenvolvimento Social (Sedese) possui atualmente dois conv\u00eanios com a Secretaria de Pol\u00edticas para as Mulheres (SPM), ligada \u00e0 Presid\u00eancia da Rep\u00fablica, que visam refor\u00e7ar o papel da mulher no mercado de trabalho, promovendo qualifica\u00e7\u00e3o profissional e inser\u00e7\u00e3o produtiva\u201d, relata.<\/p>\n<p><strong>Integra\u00e7\u00e3o<\/strong><\/p>\n<p>Outra benefici\u00e1ria do Programa Bolsa Fam\u00edlia em Lagoa Santa \u00e9 Maria Aparecida Ferreira. M\u00e3e de tr\u00eas filhos, Maria Aparecida conta que o programa ajuda a pagar um curso de ingl\u00eas para o filho mais novo, de 13 anos. \u201cEste benef\u00edcio ajuda muito a minha fam\u00edlia. Antes, usava o dinheiro para comprar alimentos e, de vez em quando, uma roupa. Agora, como estou fazendo faxina, preferi usar o dinheiro para proporcionar mais educa\u00e7\u00e3o para o meu filho\u201d, relata.<\/p>\n<p>Mas n\u00e3o \u00e9 s\u00f3 a transfer\u00eancia de renda que est\u00e1 possibilitando a fam\u00edlia de Maria Aparecida mudar de vida. Integrados ao Programa Bolsa Fam\u00edlia, os Centros de Refer\u00eancia de Assist\u00eancia Social (Cras) geram oportunidades, inclusive financeiras.  Por meio dos Cras, as fam\u00edlias benefici\u00e1rias do programa t\u00eam acesso a cursos de qualifica\u00e7\u00e3o e inser\u00e7\u00e3o no mercado de trabalho. \u201cNo Cras eu fiz curso de produ\u00e7\u00e3o de salgados, corte e costura e de velas artesanais. De vez em quando, fa\u00e7o trabalhos para a vizinhan\u00e7a e ainda consigo um dinheiro extra\u201d, afirma Aparecida.<\/p>\n<p>Assim como Simone, Maria Aparecida tamb\u00e9m sonha com o dia em que n\u00e3o precisar\u00e1 mais do dinheiro do Bolsa Fam\u00edlia e possa repassar o benef\u00edcio adiante. \u201cTenho esperan\u00e7a que, em breve, n\u00e3o vou precisar mais do benef\u00edcio e, assim, poder passar para outra fam\u00edlia mais necessitada\u201d, finalizou. (Ag\u00eancia Minas)<\/p>\n","protected":false},"excerpt":{"rendered":"<p>Parte do benef\u00edcio \u00e9 utilizado na educa\u00e7\u00e3o dos filhos e na pr\u00f3pria qualifica\u00e7\u00e3o profissional para entrar no mercado de trabalho Dados do Cadastro \u00danico para Programas Sociais (Cad\u00danico) apontam que Minas Gerais possui cerca de 1,1 milh\u00e3o de fam\u00edlias beneficiadas pelo Programa Bolsa Fam\u00edlia. Deste total, quase 968 mil, ou 88%, s\u00e3o chefiadas por mulheres. [&hellip;]<\/p>\n","protected":false},"author":1,"featured_media":54717,"comment_status":"open","ping_status":"closed","sticky":false,"template":"","format":"standard","meta":{"amp_status":"","footnotes":""},"categories":[123],"tags":[36969,36970,259,36968,36973,32311,36972,36975,36976,10160,36971,36967,36974,36977],"class_list":["post-54716","post","type-post","status-publish","format-standard","has-post-thumbnail","hentry","category-gerais","tag-beneficiaria-do-programa-bolsa-familia","tag-beneficiaria-do-programa-bolsa-familia-em-lagoa-santa","tag-bolsa-familia","tag-bolsa-familia-em-minas-gerais","tag-cadastro-unico-para-programas-sociais","tag-cadunico","tag-dados-do-cadastro-unico-para-programas-sociais","tag-educacao-de-jovens-adultos","tag-eja","tag-lagoa-santa","tag-maria-aparecida-ferreira","tag-mulheres-chefiam-88-das-familias-atendidas-pelo-bolsa-familia-em-minas-gerais","tag-simone-mana-barbosa","tag-simone-recebe-atendimento-no-centro-de-referencia-de-assistencia-social-cras-de-lagoa-santa"],"_links":{"self":[{"href":"https:\/\/aconteceunovale.com.br\/portal\/index.php?rest_route=\/wp\/v2\/posts\/54716","targetHints":{"allow":["GET"]}}],"collection":[{"href":"https:\/\/aconteceunovale.com.br\/portal\/index.php?rest_route=\/wp\/v2\/posts"}],"about":[{"href":"https:\/\/aconteceunovale.com.br\/portal\/index.php?rest_route=\/wp\/v2\/types\/post"}],"author":[{"embeddable":true,"href":"https:\/\/aconteceunovale.com.br\/portal\/index.php?rest_route=\/wp\/v2\/users\/1"}],"replies":[{"embeddable":true,"href":"https:\/\/aconteceunovale.com.br\/portal\/index.php?rest_route=%2Fwp%2Fv2%2Fcomments&post=54716"}],"version-history":[{"count":0,"href":"https:\/\/aconteceunovale.com.br\/portal\/index.php?rest_route=\/wp\/v2\/posts\/54716\/revisions"}],"wp:featuredmedia":[{"embeddable":true,"href":"https:\/\/aconteceunovale.com.br\/portal\/index.php?rest_route=\/wp\/v2\/media\/54717"}],"wp:attachment":[{"href":"https:\/\/aconteceunovale.com.br\/portal\/index.php?rest_route=%2Fwp%2Fv2%2Fmedia&parent=54716"}],"wp:term":[{"taxonomy":"category","embeddable":true,"href":"https:\/\/aconteceunovale.com.br\/portal\/index.php?rest_route=%2Fwp%2Fv2%2Fcategories&post=54716"},{"taxonomy":"post_tag","embeddable":true,"href":"https:\/\/aconteceunovale.com.br\/portal\/index.php?rest_route=%2Fwp%2Fv2%2Ftags&post=54716"}],"curies":[{"name":"wp","href":"https:\/\/api.w.org\/{rel}","templated":true}]}}