{"id":54695,"date":"2015-03-10T11:27:51","date_gmt":"2015-03-10T14:27:51","guid":{"rendered":"http:\/\/aconteceunovale.com.br\/portal\/?p=54695"},"modified":"2015-03-10T12:11:53","modified_gmt":"2015-03-10T15:11:53","slug":"homem-nao-aceita-fim-do-relacionamento-e-mata-os-pais-da-ex-mulher-em-jaiba","status":"publish","type":"post","link":"https:\/\/aconteceunovale.com.br\/portal\/?p=54695","title":{"rendered":"Homem n\u00e3o aceita fim do relacionamento e mata os pais da ex-mulher em Ja\u00edba"},"content":{"rendered":"<h4><em><strong>Ex-companheira tamb\u00e9m foi esfaqueada pelo suspeito. O filho do casal, de cinco anos, presenciou o crime b\u00e1rbaro.<\/strong><\/em><\/h4>\n<p>A Pol\u00edcia Militar de Ja\u00edba, no Norte de Minas, est\u00e1 \u00e0 procura de um homem de 24 anos que assassinou os ex-sogros a facadas, na madrugada desta ter\u00e7a-feira, 10 de mar\u00e7o. Ele ainda esfaqueou a ex-companheira, que, por sorte, sobreviveu.<\/p>\n<p>De acordo com o sargento Janesson Rodrigues da Costa, o suspeito Manoel Ferreira Moraes Junio furtou a motocicleta do patr\u00e3o e seguiu para a casa da ex-mulher, localizada na rua Projetada, no bairro Centro Comunit\u00e1rio. Ele invadiu o im\u00f3vel pelos fundos, arrombou a porta da cozinha e atacou os pais da jovem.<\/p>\n<p>\u201cEle j\u00e1 foi direto ao quarto e come\u00e7ou a desferir as facadas. A jovem acordou, tentou defender os pais, mas tamb\u00e9m foi atacada\u201d, disse o militar.<\/p>\n<p>Jo\u00e3o Colares de Almeida Neto, de 51 anos, foi atingido no peito, perna e no flanco. A mulher dele, Mariza Alves de Almeida, de 48, foi golpeada uma vez no flanco. O casal morreu na hora.<\/p>\n<p>\u201cA jovem de 25 anos teve um corte no bra\u00e7o, foi socorrida pelo Servi\u00e7o de Atendimento M\u00f3vel de Urg\u00eancia (Samu) at\u00e9 o hospital municipal da cidade. Ap\u00f3s receber atendimento, ela foi liberada. A mulher ficou em estado de choque e n\u00e3o conseguiu passar muitas informa\u00e7\u00f5es para a pol\u00edcia\u201d, explicou o sargento.<\/p>\n<p>Ap\u00f3s o crime, o bandido n\u00e3o foi mais visto. Militares estiveram na fazenda em que ele morava e na casa de seus familiares, mas n\u00e3o h\u00e1 nenhuma pista do seu paradeiro.<\/p>\n<p>Os sepultamentos das v\u00edtimas acontecer\u00e3o nesta quarta-feira (11), em Jana\u00faba, cidade vizinha.<\/p>\n<p><strong>Filho do suspeito n\u00e3o foi atingido<\/strong><\/p>\n<p>No momento do crime, o filho do suspeito com a mulher, uma crian\u00e7a de apenas 5 anos, estava na casa, mas foi poupado pelo pai.<\/p>\n<p>\u201cAinda n\u00e3o se sabe se a crian\u00e7a acordou no meio da confus\u00e3o. O menino foi o \u00fanico morador que n\u00e3o teve nenhum tipo de ferimento. Ele est\u00e1 com a m\u00e3e e outros parentes\u201d, contou o policial.<\/p>\n<p>Segundo um amigo da fam\u00edlia, que pediu para n\u00e3o ter o nome divulgado, na \u00faltima semana, o agressor chegou a pegar a crian\u00e7a sem o consentimento da m\u00e3e. \u201cEle foi at\u00e9 a casa da ex, tomou o menino e ficou um dia com ele. A fam\u00edlia chegou a procurar a pol\u00edcia, mas o homem devolveu o filho no fim do dia\u201d, contou o homem.<\/p>\n<p>Segundo ele, nessa segunda-feira (9), Colares chegou a procur\u00e1-lo para saber o que poderia fazer para ter a guarda do neto. \u201cEle marcou uma reuni\u00e3o com um advogado nesta ter\u00e7a, mas, infelizmente, n\u00e3o deu tempo.  A fam\u00edlia sempre foi muito querida por todos. \u00c9 uma trag\u00e9dia\u201d, finalizou.<\/p>\n<p><strong>Agressor n\u00e3o aceitava fim do relacionamento<\/strong><\/p>\n<p>Ainda conforme a pol\u00edcia, o homem n\u00e3o aceitava o fim do relacionamento. O ex-casal estava separado h\u00e1 cerca de um m\u00eas. \u201cEla se separou e voltou a morar com os pais. Durante esse tempo de separa\u00e7\u00e3o, um registrou queixa contra o outro\u201d, afirmou Costa.<\/p>\n<p>O bandido teria procurado policiais para acusar a ex-mulher de furto. J\u00e1 a jovem teria afirmado que foi agredida pelo jovem. No entanto, ainda n\u00e3o havia nenhuma medida protetiva contra o homem.<\/p>\n<p>A ocorr\u00eancia foi encerrada na Delegacia de Ja\u00edba e a investiga\u00e7\u00e3o do caso ficar\u00e1 a cargo da Pol\u00edcia Civil. <\/p>\n<p><em>(Fonte: O Tempo)<\/em><\/p>\n","protected":false},"excerpt":{"rendered":"<p>Ex-companheira tamb\u00e9m foi esfaqueada pelo suspeito. O filho do casal, de cinco anos, presenciou o crime b\u00e1rbaro. A Pol\u00edcia Militar de Ja\u00edba, no Norte de Minas, est\u00e1 \u00e0 procura de um homem de 24 anos que assassinou os ex-sogros a facadas, na madrugada desta ter\u00e7a-feira, 10 de mar\u00e7o. Ele ainda esfaqueou a ex-companheira, que, por [&hellip;]<\/p>\n","protected":false},"author":1,"featured_media":32816,"comment_status":"open","ping_status":"closed","sticky":false,"template":"","format":"standard","meta":{"amp_status":"","footnotes":""},"categories":[1236],"tags":[36924,36925,36930,36922,36927,36931,36591,1058,36939,36929,36928,36940,36923,36926],"class_list":["post-54695","post","type-post","status-publish","format-standard","has-post-thumbnail","hentry","category-norte_de_minas","tag-assassinatos-em-jaiba","tag-duplo-homicidio-em-jaiba","tag-galego-cigano","tag-homem-mata-os-sogros-a-facadas-e-tenta-matar-ex-mulher-em-jaiba","tag-homem-mata-pais-da-ex-mulher-em-jaiba","tag-homem-nao-aceita-fim-do-relacionamento-e-mata-os-pais-da-ex-mulher-em-jaiba","tag-homicidio-em-jaiba","tag-jaiba","tag-janesson-rodrigues-da-costa","tag-joao-colares-de-almeida-neto","tag-manoel-fernandes-morais-junior","tag-manoel-ferreira-moraes-junio","tag-mata-os-sogros-em-jaiba","tag-mortes-em-jaiba"],"_links":{"self":[{"href":"https:\/\/aconteceunovale.com.br\/portal\/index.php?rest_route=\/wp\/v2\/posts\/54695","targetHints":{"allow":["GET"]}}],"collection":[{"href":"https:\/\/aconteceunovale.com.br\/portal\/index.php?rest_route=\/wp\/v2\/posts"}],"about":[{"href":"https:\/\/aconteceunovale.com.br\/portal\/index.php?rest_route=\/wp\/v2\/types\/post"}],"author":[{"embeddable":true,"href":"https:\/\/aconteceunovale.com.br\/portal\/index.php?rest_route=\/wp\/v2\/users\/1"}],"replies":[{"embeddable":true,"href":"https:\/\/aconteceunovale.com.br\/portal\/index.php?rest_route=%2Fwp%2Fv2%2Fcomments&post=54695"}],"version-history":[{"count":0,"href":"https:\/\/aconteceunovale.com.br\/portal\/index.php?rest_route=\/wp\/v2\/posts\/54695\/revisions"}],"wp:featuredmedia":[{"embeddable":true,"href":"https:\/\/aconteceunovale.com.br\/portal\/index.php?rest_route=\/wp\/v2\/media\/32816"}],"wp:attachment":[{"href":"https:\/\/aconteceunovale.com.br\/portal\/index.php?rest_route=%2Fwp%2Fv2%2Fmedia&parent=54695"}],"wp:term":[{"taxonomy":"category","embeddable":true,"href":"https:\/\/aconteceunovale.com.br\/portal\/index.php?rest_route=%2Fwp%2Fv2%2Fcategories&post=54695"},{"taxonomy":"post_tag","embeddable":true,"href":"https:\/\/aconteceunovale.com.br\/portal\/index.php?rest_route=%2Fwp%2Fv2%2Ftags&post=54695"}],"curies":[{"name":"wp","href":"https:\/\/api.w.org\/{rel}","templated":true}]}}