{"id":54677,"date":"2015-03-10T10:15:18","date_gmt":"2015-03-10T13:15:18","guid":{"rendered":"http:\/\/aconteceunovale.com.br\/portal\/?p=54677"},"modified":"2015-03-10T10:15:18","modified_gmt":"2015-03-10T13:15:18","slug":"hoje-tem-reuniao-da-associacao-de-protecao-aos-caes-de-capelinha","status":"publish","type":"post","link":"https:\/\/aconteceunovale.com.br\/portal\/?p=54677","title":{"rendered":"Hoje tem reuni\u00e3o da Associa\u00e7\u00e3o de Prote\u00e7\u00e3o aos C\u00e3es de Capelinha"},"content":{"rendered":"<p>Associados e pessoas interessadas em lutar pelo direito dos animais est\u00e3o convidados para mais uma reuni\u00e3o da Associa\u00e7\u00e3o de Prote\u00e7\u00e3o aos C\u00e3es de Capelinha (APCC). Ser\u00e1 a partir das 19h no pr\u00e9dio da C\u00e2mara, na esquina da Rua das Flores com Jos\u00e9 Pimenta, 5. Fundada recentemente, a APCC ainda n\u00e3o tem sede pr\u00f3pria e atua com recursos dos pr\u00f3prios associados para promover o encontro entre cachorros abandonados e quem busca um amigo.<\/p>\n<p>Na reuni\u00e3o, ser\u00e3o discutidas a\u00e7\u00f5es em prol dos animais, e haver\u00e1 ainda a entrega dos carn\u00eas de contribui\u00e7\u00e3o mensal, para que a sociedade civil possa contribuir com a causa da APCC. Mais informa\u00e7\u00f5es pelos telefones (33) 9105-7157, 9115-1899 e (31) 8824-2575 (TIM).<\/p>\n<p><img decoding=\"async\" src=\"http:\/\/aconteceunovale.com.br\/portal\/wp-content\/uploads\/2015\/03\/appc_cap_reuniao.jpg\" alt=\"\" \/><em>Reuni\u00e3o ser\u00e1 realizada no pr\u00e9dio da C\u00e2mara &#8211; Foto: Divulga\u00e7\u00e3o \/ APCC<\/em><\/p>\n","protected":false},"excerpt":{"rendered":"<p>Associados e pessoas interessadas em lutar pelo direito dos animais est\u00e3o convidados para mais uma reuni\u00e3o da Associa\u00e7\u00e3o de Prote\u00e7\u00e3o aos C\u00e3es de Capelinha (APCC). Ser\u00e1 a partir das 19h no pr\u00e9dio da C\u00e2mara, na esquina da Rua das Flores com Jos\u00e9 Pimenta, 5. Fundada recentemente, a APCC ainda n\u00e3o tem sede pr\u00f3pria e atua [&hellip;]<\/p>\n","protected":false},"author":1,"featured_media":54678,"comment_status":"open","ping_status":"closed","sticky":false,"template":"","format":"standard","meta":{"amp_status":"","footnotes":""},"categories":[120],"tags":[36196,36195,132,36897],"class_list":["post-54677","post","type-post","status-publish","format-standard","has-post-thumbnail","hentry","category-jequi","tag-apcc","tag-associacao-de-protecao-aos-caes-de-capelinha","tag-capelinha","tag-hoje-tem-reuniao-da-associacao-de-protecao-aos-caes-de-capelinha"],"_links":{"self":[{"href":"https:\/\/aconteceunovale.com.br\/portal\/index.php?rest_route=\/wp\/v2\/posts\/54677","targetHints":{"allow":["GET"]}}],"collection":[{"href":"https:\/\/aconteceunovale.com.br\/portal\/index.php?rest_route=\/wp\/v2\/posts"}],"about":[{"href":"https:\/\/aconteceunovale.com.br\/portal\/index.php?rest_route=\/wp\/v2\/types\/post"}],"author":[{"embeddable":true,"href":"https:\/\/aconteceunovale.com.br\/portal\/index.php?rest_route=\/wp\/v2\/users\/1"}],"replies":[{"embeddable":true,"href":"https:\/\/aconteceunovale.com.br\/portal\/index.php?rest_route=%2Fwp%2Fv2%2Fcomments&post=54677"}],"version-history":[{"count":0,"href":"https:\/\/aconteceunovale.com.br\/portal\/index.php?rest_route=\/wp\/v2\/posts\/54677\/revisions"}],"wp:featuredmedia":[{"embeddable":true,"href":"https:\/\/aconteceunovale.com.br\/portal\/index.php?rest_route=\/wp\/v2\/media\/54678"}],"wp:attachment":[{"href":"https:\/\/aconteceunovale.com.br\/portal\/index.php?rest_route=%2Fwp%2Fv2%2Fmedia&parent=54677"}],"wp:term":[{"taxonomy":"category","embeddable":true,"href":"https:\/\/aconteceunovale.com.br\/portal\/index.php?rest_route=%2Fwp%2Fv2%2Fcategories&post=54677"},{"taxonomy":"post_tag","embeddable":true,"href":"https:\/\/aconteceunovale.com.br\/portal\/index.php?rest_route=%2Fwp%2Fv2%2Ftags&post=54677"}],"curies":[{"name":"wp","href":"https:\/\/api.w.org\/{rel}","templated":true}]}}