{"id":54673,"date":"2015-03-10T10:04:44","date_gmt":"2015-03-10T13:04:44","guid":{"rendered":"http:\/\/aconteceunovale.com.br\/portal\/?p=54673"},"modified":"2015-03-10T10:04:44","modified_gmt":"2015-03-10T13:04:44","slug":"plantao-do-samu-no-norte-de-minas-gerais-09-de-marco-de-2015","status":"publish","type":"post","link":"https:\/\/aconteceunovale.com.br\/portal\/?p=54673","title":{"rendered":"Plant\u00e3o do Samu no Norte de Minas Gerais &#8211; 09 de mar\u00e7o de 2015"},"content":{"rendered":"<h4><em><strong>Segunda-feira, 09 de mar\u00e7o de 2015<\/strong><\/em><\/h4>\n<p>A unidade do SAMU de Montes Claros realizou na segunda-feira, 09\/03, 39 atendimentos, sendo 22 casos cl\u00ednicos; e 13 ocorr\u00eancias de acidente de tr\u00e2nsito; uma crian\u00e7a de 8 anos que caiu de uma laje no bairro Vilaje do Lago; e um homem de 28 anos ferido por arma branca na Vila Guilhermina.<\/p>\n<p>\u00c0s 17h58, a unidade do Samu foi acionada para atendimento a uma mulher de 33 anos, que ficou ferida ap\u00f3s colidir de moto contra um carro, na rua Dr. Veloso, regi\u00e3o central de Montes Claros. Ela apresentava escoria\u00e7\u00f5es no joelho esquerdo e se queixava de dor.<\/p>\n<p>\u00c0s 17h05, a unidade do Samu foi acionada para atendimento a uma adolescente de 14 anos, que caiu de bicicleta na Rua do Cruzeiro, bairro Maracan\u00e3, e se queixava de dor na nuca.<\/p>\n<p>Por volta das 16h, a unidade do Samu foi acionada para atendimento a uma mulher de 26 anos, que ficou ferida ap\u00f3s colidir de carro contra um caminh\u00e3o, na Avenida Deputado Esteves Rodrigues, regi\u00e3o central de Montes Claros.<\/p>\n<p>Duas pessoas ficaram feridas em um acidente envolvendo duas motos e um carro ocorrido por volta das 15h15, na Avenida S\u00e3o Judas, bairro S\u00e3o Judas. Um rapaz de 21 anos, que conduzia a moto, sofreu ferimentos leves nos bra\u00e7os e pernas. O condutor da segunda moto deambulava no local, mas n\u00e3o havia ferimentos aparentes. O condutor do carro nada sofreu.<\/p>\n<p>Por volta das 15h, a unidade do Samu foi acionada para atendimento a um homem de 24 anos, que ficou ferido ap\u00f3s colidir de moto contra um carro, na Avenida Jos\u00e9 Correa Machado, bairro Todos os Santos. Ele apresentava escoria\u00e7\u00f5es nos bra\u00e7os e pernas, sem suspeita de fratura.<\/p>\n<p>\u00c0s 12h20, a unidade do Samu foi acionada para atendimento a um homem de 54 anos, que foi atropelado por um carro na Avenida Deputado Pl\u00ednio Ribeiro, bairro Santa L\u00facia, e apresentava escoria\u00e7\u00f5es na regi\u00e3o dorsal.<\/p>\n<p>\u00c0s 13h40, a unidade do Samu foi acionada para atendimento a um homem de 51 anos, que caiu de moto no bairro S\u00e3o Geraldo, e apresentava escoria\u00e7\u00f5es na regi\u00e3o lombar e no joelho direito.<\/p>\n<p>Por volta das 11h30, a unidade do Samu foi acionada para atendimento a um homem de 20 anos, que ficou ferido ap\u00f3s colidir de moto contra um carro, na Rua Sete de Setembro, bairro Maracan\u00e3. Ele apresentava escoria\u00e7\u00f5es nos bra\u00e7os e pernas, sem suspeita de fratura.<\/p>\n<p>Por volta das 10h35, a unidade do Samu foi acionada para atendimento a um homem de 52 anos, que ficou ferido numa colis\u00e3o entre dois carros, na Avenida Mestra Fininha, bairro Morada do Sol. Ele estava no banco dianteiro de um dos ve\u00edculos e se queixava de dor na regi\u00e3o femural.<\/p>\n<p>\u00c0s 9h40, a unidade do Samu foi acionada para atendimento a um homem de 23 anos, que caiu de moto na Vila Telma, e apresentava tatuagem traum\u00e1tica em regi\u00e3o cervical e corte contuso no l\u00e1bio, se queixando de dor na mand\u00edbula.<\/p>\n<p>Em todas as ocorr\u00eancias os feridos receberam os primeiros atendimentos no local e foram encaminhados ao hospital para avalia\u00e7\u00e3o.<\/p>\n","protected":false},"excerpt":{"rendered":"<p>Segunda-feira, 09 de mar\u00e7o de 2015 A unidade do SAMU de Montes Claros realizou na segunda-feira, 09\/03, 39 atendimentos, sendo 22 casos cl\u00ednicos; e 13 ocorr\u00eancias de acidente de tr\u00e2nsito; uma crian\u00e7a de 8 anos que caiu de uma laje no bairro Vilaje do Lago; e um homem de 28 anos ferido por arma branca [&hellip;]<\/p>\n","protected":false},"author":1,"featured_media":46383,"comment_status":"open","ping_status":"closed","sticky":false,"template":"","format":"standard","meta":{"amp_status":"","footnotes":""},"categories":[1236],"tags":[210,24659,24089,18898,18108,36893,18629,21139,4040],"class_list":["post-54673","post","type-post","status-publish","format-standard","has-post-thumbnail","hentry","category-norte_de_minas","tag-montes-claros","tag-plantao-do-samu-de-montes-claros","tag-plantao-do-samu-do-norte-de-minas","tag-plantao-do-samu-macro-norte","tag-plantao-do-samu-no-norte-de-minas-gerais","tag-plantao-do-samu-no-norte-de-minas-gerais-09-de-marco-de-2015","tag-samu-de-montes-claros","tag-samu-do-norte-de-minas","tag-samu-macro-norte"],"_links":{"self":[{"href":"https:\/\/aconteceunovale.com.br\/portal\/index.php?rest_route=\/wp\/v2\/posts\/54673","targetHints":{"allow":["GET"]}}],"collection":[{"href":"https:\/\/aconteceunovale.com.br\/portal\/index.php?rest_route=\/wp\/v2\/posts"}],"about":[{"href":"https:\/\/aconteceunovale.com.br\/portal\/index.php?rest_route=\/wp\/v2\/types\/post"}],"author":[{"embeddable":true,"href":"https:\/\/aconteceunovale.com.br\/portal\/index.php?rest_route=\/wp\/v2\/users\/1"}],"replies":[{"embeddable":true,"href":"https:\/\/aconteceunovale.com.br\/portal\/index.php?rest_route=%2Fwp%2Fv2%2Fcomments&post=54673"}],"version-history":[{"count":0,"href":"https:\/\/aconteceunovale.com.br\/portal\/index.php?rest_route=\/wp\/v2\/posts\/54673\/revisions"}],"wp:featuredmedia":[{"embeddable":true,"href":"https:\/\/aconteceunovale.com.br\/portal\/index.php?rest_route=\/wp\/v2\/media\/46383"}],"wp:attachment":[{"href":"https:\/\/aconteceunovale.com.br\/portal\/index.php?rest_route=%2Fwp%2Fv2%2Fmedia&parent=54673"}],"wp:term":[{"taxonomy":"category","embeddable":true,"href":"https:\/\/aconteceunovale.com.br\/portal\/index.php?rest_route=%2Fwp%2Fv2%2Fcategories&post=54673"},{"taxonomy":"post_tag","embeddable":true,"href":"https:\/\/aconteceunovale.com.br\/portal\/index.php?rest_route=%2Fwp%2Fv2%2Ftags&post=54673"}],"curies":[{"name":"wp","href":"https:\/\/api.w.org\/{rel}","templated":true}]}}