{"id":54668,"date":"2015-03-10T00:17:27","date_gmt":"2015-03-10T03:17:27","guid":{"rendered":"http:\/\/aconteceunovale.com.br\/portal\/?p=54668"},"modified":"2015-03-10T00:17:27","modified_gmt":"2015-03-10T03:17:27","slug":"motorista-morre-em-acidente-envolvendo-tres-veiculos-no-leste-de-minas","status":"publish","type":"post","link":"https:\/\/aconteceunovale.com.br\/portal\/?p=54668","title":{"rendered":"Motorista morre em acidente envolvendo tr\u00eas ve\u00edculos no Leste de Minas"},"content":{"rendered":"<h4><em><strong>Outras duas pessoas ficaram feridas e foram encaminhadas para o Hospital Municipal de Governador Valadares. <\/strong><\/em><\/h4>\n<p>Evandro Darckson Ferreira Costa, de 42 anos, morreu em um acidente no in\u00edcio da tarde desta segunda-feira, na altura do quil\u00f4metro 128 da BR-259, entre o munic\u00edpio de Galileia e o distrito de S\u00e3o V\u00edtor, a 42 km de Valadares. De acordo com o Corpo de Bombeiros e a Pol\u00edcia Rodovi\u00e1ria Estadual, outras duas pessoas ficaram feridas no acidente. O trecho ficou parcialmente interditado por cerca de tr\u00eas horas.<\/p>\n<p>O acidente ocorreu por volta das 12h20, envolvendo tr\u00eas ve\u00edculos: uma Fiorino prata de Colatina (ES), um Fiat Uno prata de Maril\u00e2ndia (ES) e um caminh\u00e3o carregado de gal\u00f5es de \u00e1gua.<\/p>\n<p><img decoding=\"async\" src=\"http:\/\/aconteceunovale.com.br\/portal\/wp-content\/uploads\/2015\/03\/acidente_259_evandro.jpg\" alt=\"\" \/><em>O caminh\u00e3o tombou na pista e sua cabine caiu em cima do Fiat Uno. Na Fiorino (detalhe) o motorista ficou preso \u00e0s ferragens e morreu &#8211; Foto: Ant\u00f4nio Cota \/ Di\u00e1rio do Rio Doce<\/em><br \/>\n<\/br><\/p>\n<p>De acordo com testemunhas, o Fiorino seguia no sentido de S\u00e3o V\u00edtor e em uma curva entrou na contram\u00e3o e acabou colidindo de frente com o caminh\u00e3o, que vinha em sentido contr\u00e1rio. Devido ao impacto, o Fiorino rodou na pista e bateu num barranco. J\u00e1 o caminh\u00e3o tombou na pista e sua cabine caiu em cima do Fiat Uno, que seguia no sentido de S\u00e3o V\u00edtor.<\/p>\n<p>Cada ve\u00edculo tinha apenas o condutor. Evandro estava no Fiorino e morreu na hora, preso entre as ferragens, sendo necess\u00e1rio os bombeiros utilizarem o desencarcerador para retirarem o corpo. Os outros motoristas \u2014 que n\u00e3o foram identificados \u2014, feridos, foram conduzidos para o Hospital Municipal em Valadares. <\/p>\n<p>Segundo o sargento Roberto Carlos da Silva, da 8\u00aa Companhia Independente de Meio Ambiente e Tr\u00e2nsito,  diversos acidentes j\u00e1 foram registrados nesse trecho. &#8220;Ele \u00e9 de grande \u00edndice de acidentes devido \u00e0s v\u00e1rias curvas e falta de acostamento, e mesmo sendo bem sinalizado, os condutores, na sua pressa, n\u00e3o costumam observar as normas de tr\u00e2nsito, como por exemplo o limite de velocidade da via, insistindo em fazer ultrapassagem em local proibido.&#8221; <\/p>\n<p>O sargento ainda fez um apelo, lembrando que a pol\u00edcia conta com a prud\u00eancia dos motoristas para que os acidentes se reduzam. &#8220;No m\u00eas passado, eu mesmo registrei uma ocorr\u00eancia pr\u00f3ximo a esse trecho, e por isso pe\u00e7o aos condutores que redobrem a aten\u00e7\u00e3o e respeitem a sinaliza\u00e7\u00e3o e o limite de velocidade.&#8221;  <\/p>\n<p>Perito esteve no local do acidente e encaminhou o corpo para o Posto de Per\u00edcia Integrada (PPI) de Valadares. Em seguida, os ve\u00edculos foram removidos da via. (Di\u00e1rio do Rio Doce)<\/p>\n","protected":false},"excerpt":{"rendered":"<p>Outras duas pessoas ficaram feridas e foram encaminhadas para o Hospital Municipal de Governador Valadares. Evandro Darckson Ferreira Costa, de 42 anos, morreu em um acidente no in\u00edcio da tarde desta segunda-feira, na altura do quil\u00f4metro 128 da BR-259, entre o munic\u00edpio de Galileia e o distrito de S\u00e3o V\u00edtor, a 42 km de Valadares. [&hellip;]<\/p>\n","protected":false},"author":1,"featured_media":54669,"comment_status":"open","ping_status":"closed","sticky":false,"template":"","format":"standard","meta":{"amp_status":"","footnotes":""},"categories":[121],"tags":[36881,36882,36888,36887,36878,36884,21348,36886,36885,36880,25376,36883,36889,292,247,36879,36890,309],"class_list":["post-54668","post","type-post","status-publish","format-standard","has-post-thumbnail","hentry","category-leste","tag-acidente-com-carro-de-colatina","tag-acidente-com-carro-de-marilandia","tag-acidente-com-evandro-darckson-ferreira-costa","tag-acidente-com-motorista-de-colatina","tag-acidente-em-galileia","tag-acidente-entre-galileia-e-sao-victor","tag-acidente-na-br-259","tag-acidente-no-leste-de-minas","tag-acidente-no-vale-do-rio-doce","tag-caminhonete-com-placa-de-colatina","tag-colatina","tag-evandro-darckson-ferreira-costa","tag-fotos-do-acidente-com-evandro-darckson-ferreira-costa","tag-galileia","tag-governador-valadares","tag-marilandia","tag-motorista-morre-em-acidente-envolvendo-tres-veiculos-no-leste-de-minas","tag-resplendor"],"_links":{"self":[{"href":"https:\/\/aconteceunovale.com.br\/portal\/index.php?rest_route=\/wp\/v2\/posts\/54668","targetHints":{"allow":["GET"]}}],"collection":[{"href":"https:\/\/aconteceunovale.com.br\/portal\/index.php?rest_route=\/wp\/v2\/posts"}],"about":[{"href":"https:\/\/aconteceunovale.com.br\/portal\/index.php?rest_route=\/wp\/v2\/types\/post"}],"author":[{"embeddable":true,"href":"https:\/\/aconteceunovale.com.br\/portal\/index.php?rest_route=\/wp\/v2\/users\/1"}],"replies":[{"embeddable":true,"href":"https:\/\/aconteceunovale.com.br\/portal\/index.php?rest_route=%2Fwp%2Fv2%2Fcomments&post=54668"}],"version-history":[{"count":0,"href":"https:\/\/aconteceunovale.com.br\/portal\/index.php?rest_route=\/wp\/v2\/posts\/54668\/revisions"}],"wp:featuredmedia":[{"embeddable":true,"href":"https:\/\/aconteceunovale.com.br\/portal\/index.php?rest_route=\/wp\/v2\/media\/54669"}],"wp:attachment":[{"href":"https:\/\/aconteceunovale.com.br\/portal\/index.php?rest_route=%2Fwp%2Fv2%2Fmedia&parent=54668"}],"wp:term":[{"taxonomy":"category","embeddable":true,"href":"https:\/\/aconteceunovale.com.br\/portal\/index.php?rest_route=%2Fwp%2Fv2%2Fcategories&post=54668"},{"taxonomy":"post_tag","embeddable":true,"href":"https:\/\/aconteceunovale.com.br\/portal\/index.php?rest_route=%2Fwp%2Fv2%2Ftags&post=54668"}],"curies":[{"name":"wp","href":"https:\/\/api.w.org\/{rel}","templated":true}]}}