{"id":54575,"date":"2015-03-08T11:08:41","date_gmt":"2015-03-08T14:08:41","guid":{"rendered":"http:\/\/aconteceunovale.com.br\/portal\/?p=54575"},"modified":"2015-03-08T11:08:41","modified_gmt":"2015-03-08T14:08:41","slug":"presidente-nao-sera-investigada-porque-nao-ha-indicios-contra-ela-afirma-ministro","status":"publish","type":"post","link":"https:\/\/aconteceunovale.com.br\/portal\/?p=54575","title":{"rendered":"Presidente n\u00e3o ser\u00e1 investigada porque n\u00e3o h\u00e1 ind\u00edcios contra ela, afirma ministro"},"content":{"rendered":"<p>Ao mencionar a &#8220;confus\u00e3o&#8221; de informa\u00e7\u00f5es veiculadas na imprensa, o ministro da Justi\u00e7a, Jos\u00e9 Eduardo Cardozo, afirmou nesse s\u00e1bado que n\u00e3o h\u00e1 ind\u00edcios nem fatos que justifiquem a abertura de investiga\u00e7\u00e3o contra a presidenta Dilma Rousseff no \u00e2mbito da Opera\u00e7\u00e3o Lava Jato. Ele negou qualquer interfer\u00eancia do Executivo na abertura de inqu\u00e9ritos pelo Supremo Tribunal Federal (STF) e destacou a autonomia de institui\u00e7\u00f5es p\u00fablicas que atuam nas investiga\u00e7\u00f5es.<\/p>\n<p>\u201cDos fatos que constavam na dela\u00e7\u00e3o premiada, n\u00e3o h\u00e1 sequer ind\u00edcios que possam envolver a presidenta da rep\u00fablica. Nada h\u00e1 a arquivar, porque, quando voc\u00ea tem fatos narrados que n\u00e3o justifiquem a abertura de inqu\u00e9ritos, arquiva-se, como foi dito em v\u00e1rios dos arquivamentos referidos nas decis\u00f5es do ministro Teori Zavascki\u201d, disse Cardozo.<\/p>\n<p>Ele ressaltou que no caso da presidenta Dilma, Zavascki n\u00e3o disse \u201carquive-se\u201d, e sim conclui que n\u00e3o h\u00e1 nada para arquivar. Esse discurso, segundo Cardozo, leva ao entendimento de que n\u00e3o h\u00e1 indicativo contra a presidenta. \u201cAli\u00e1s, ainda que assim n\u00e3o fosse, \u00e9 certo que, nos termos da Constitui\u00e7\u00e3o Federal, &#8216;o Presidente da Rep\u00fablica, na vig\u00eancia de seu mandato, n\u00e3o pode ser responsabilizado por atos estranhos aos exerc\u00edcios de suas fun\u00e7\u00f5es&#8217;\u201d, disse Cardozo ao citar o ministro do STF.<\/p>\n<p>Cardozo considerou \u201cabsolutamente inveross\u00edmil\u201d a possibilidade de o governo ter interferido e influenciado depoimentos prestados nos acordos de dela\u00e7\u00e3o premiada, firmados com o Minist\u00e9rio P\u00fablico. Al\u00e9m disso, afirmou que o governo n\u00e3o tem participa\u00e7\u00e3o \u201cna abertura de investiga\u00e7\u00f5es em rela\u00e7\u00e3o a pessoas com foro privilegiado, em decorr\u00eancia da Opera\u00e7\u00e3o Lava Jato\u201d.<\/p>\n<p>\u201cImaginar que o governo possa ter algum tipo de interfer\u00eancia para proteger aliados ou para punir quem quer que seja \u00e9 algo que n\u00e3o se sustenta pela mera an\u00e1lise f\u00e1tica e da realidade institucional que o Brasil tem hoje\u201d, disse referindo-se \u00e0 autonomia de institui\u00e7\u00f5es como Pol\u00edcia Federal e Minist\u00e9rio P\u00fablico (MP). \u201c\u00c9 incorreto imaginar que o governo tenha influenciado, tenha colocado palavras na boca de pessoas que prestaram depoimentos na presen\u00e7a de membros do MP, da for\u00e7a-tarefa que est\u00e1 l\u00e1 no estado do Paran\u00e1 coletando informa\u00e7\u00f5es\u201d, completou Cardozo.<\/p>\n<p>Na sexta-feira, o Supremo Tribunal Federal (STF), divulgou a lista com os nomes de pol\u00edticos sobre os quais o procurador-geral da Rep\u00fablica, Rodrigo Janot, pediu abertura de inqu\u00e9rito no caso da Opera\u00e7\u00e3o Lava Jato. Entre eles, est\u00e3o os presidentes do Senado, Renan Calheiros (PMDB-AL), e da C\u00e2mara, Eduardo Cunha (PMDB-RJ). O ministro Teori Zavascki, relator do caso no STF, deferiu 21 pedidos de abertura de inqu\u00e9rito. (Ag\u00eancia Brasil)<\/p>\n","protected":false},"excerpt":{"rendered":"<p>Ao mencionar a &#8220;confus\u00e3o&#8221; de informa\u00e7\u00f5es veiculadas na imprensa, o ministro da Justi\u00e7a, Jos\u00e9 Eduardo Cardozo, afirmou nesse s\u00e1bado que n\u00e3o h\u00e1 ind\u00edcios nem fatos que justifiquem a abertura de investiga\u00e7\u00e3o contra a presidenta Dilma Rousseff no \u00e2mbito da Opera\u00e7\u00e3o Lava Jato. Ele negou qualquer interfer\u00eancia do Executivo na abertura de inqu\u00e9ritos pelo Supremo Tribunal [&hellip;]<\/p>\n","protected":false},"author":1,"featured_media":54576,"comment_status":"open","ping_status":"closed","sticky":false,"template":"","format":"standard","meta":{"amp_status":"","footnotes":""},"categories":[6],"tags":[36640,2162,36642,26164,36641,18095,36639,36643],"class_list":["post-54575","post","type-post","status-publish","format-standard","has-post-thumbnail","hentry","category-br","tag-dilma-nao-sera-investigada-porque-nao-ha-indicios-contra-ela","tag-dilma-rousseff","tag-investigacao-contra-dilma-rousseff-na-operacao-lava-jato","tag-jose-eduardo-cardozo","tag-ministro-da-justica-jose-eduardo-cardozo","tag-operacao-lava-jato","tag-presidente-nao-sera-investigada-porque-nao-ha-indicios-contra-ela","tag-teori-zavascki"],"_links":{"self":[{"href":"https:\/\/aconteceunovale.com.br\/portal\/index.php?rest_route=\/wp\/v2\/posts\/54575","targetHints":{"allow":["GET"]}}],"collection":[{"href":"https:\/\/aconteceunovale.com.br\/portal\/index.php?rest_route=\/wp\/v2\/posts"}],"about":[{"href":"https:\/\/aconteceunovale.com.br\/portal\/index.php?rest_route=\/wp\/v2\/types\/post"}],"author":[{"embeddable":true,"href":"https:\/\/aconteceunovale.com.br\/portal\/index.php?rest_route=\/wp\/v2\/users\/1"}],"replies":[{"embeddable":true,"href":"https:\/\/aconteceunovale.com.br\/portal\/index.php?rest_route=%2Fwp%2Fv2%2Fcomments&post=54575"}],"version-history":[{"count":0,"href":"https:\/\/aconteceunovale.com.br\/portal\/index.php?rest_route=\/wp\/v2\/posts\/54575\/revisions"}],"wp:featuredmedia":[{"embeddable":true,"href":"https:\/\/aconteceunovale.com.br\/portal\/index.php?rest_route=\/wp\/v2\/media\/54576"}],"wp:attachment":[{"href":"https:\/\/aconteceunovale.com.br\/portal\/index.php?rest_route=%2Fwp%2Fv2%2Fmedia&parent=54575"}],"wp:term":[{"taxonomy":"category","embeddable":true,"href":"https:\/\/aconteceunovale.com.br\/portal\/index.php?rest_route=%2Fwp%2Fv2%2Fcategories&post=54575"},{"taxonomy":"post_tag","embeddable":true,"href":"https:\/\/aconteceunovale.com.br\/portal\/index.php?rest_route=%2Fwp%2Fv2%2Ftags&post=54575"}],"curies":[{"name":"wp","href":"https:\/\/api.w.org\/{rel}","templated":true}]}}