{"id":54572,"date":"2015-03-08T10:41:58","date_gmt":"2015-03-08T13:41:58","guid":{"rendered":"http:\/\/aconteceunovale.com.br\/portal\/?p=54572"},"modified":"2015-03-08T10:41:58","modified_gmt":"2015-03-08T13:41:58","slug":"mulheres-lideram-instituicoes-de-seguranca-com-dedicacao-e-profissionalismo","status":"publish","type":"post","link":"https:\/\/aconteceunovale.com.br\/portal\/?p=54572","title":{"rendered":"Mulheres lideram institui\u00e7\u00f5es de seguran\u00e7a com dedica\u00e7\u00e3o e profissionalismo"},"content":{"rendered":"<h4><em><strong>Em unidades socioeducativas e unidades prisionais, o p\u00fablico feminino ocupa a centralidade, na gest\u00e3o e no gerenciamento dos servi\u00e7os mineiros.<\/strong><\/em><\/h4>\n<p>A Secretaria de Estado de Defesa Social (Seds) destaca, neste dia 8 de mar\u00e7o \u2013 Dia Internacional da Mulher \u2013, o trabalho das mulheres \u00e0 frente de unidades prisionais e socioeducativas em Minas Gerais. Elas est\u00e3o cada vez mais \u00e0 frente das institui\u00e7\u00f5es, na tomada de decis\u00f5es e se sobressaem por seu trabalho, compet\u00eancias e habilidades.<\/p>\n<p>Se depender da diretora-geral do Centro Socioeducativo de Uberl\u00e2ndia (Ceseu), B\u00e1rbara Accioly Carvalho, n\u00e3o h\u00e1 mais qualquer suposto preconceito contra as mulheres que ocupam cargos na dire\u00e7\u00e3o-geral de institui\u00e7\u00f5es predominantemente masculinas. \u201cIsto \u00e9 batalha vencida!\u201d, ressalta.<\/p>\n<p><img decoding=\"async\" src=\"http:\/\/aconteceunovale.com.br\/portal\/wp-content\/uploads\/2015\/03\/mulheres-lideram-instituicoes-de-seguranca-com-dedicacao-e-profissionalismo.jpg\" alt=\"\" \/><em>B\u00e1rbara Carvalho \u00e9 a diretora-geral do Centro Socioeducativo de Uberl\u00e2ndia &#8211; Foto: Divulga\u00e7\u00e3o\/Seds<\/em><br \/>\n<\/br><\/p>\n<p>B\u00e1rbara cuida da unidade do Tri\u00e2ngulo Mineiro, na qual 132 jovens cumprem medidas socioeducativas e trabalham 236 pessoas. No quadro de funcion\u00e1rios est\u00e3o agentes de seguran\u00e7a socioeducativa, professores, assistentes sociais, terapeutas ocupacionais, psic\u00f3logos, oficineiros de atividades art\u00edsticas, dentistas, enfermeiros, pessoal da cozinha, faxina e outros.<\/p>\n<p>Para ela, o respeito \u00e9 uma constante nos relacionamentos, tanto com aqueles que desempenham fun\u00e7\u00f5es na unidade, quanto com os jovens internados. \u201cJ\u00e1 passei por situa\u00e7\u00f5es em que um adolescente faltou com a educa\u00e7\u00e3o e foi chamado aten\u00e7\u00e3o, na mesma hora, por outros jovens\u201d, revela.<\/p>\n<p>Distante mais de 700 quil\u00f4metros de Uberl\u00e2ndia, em Juiz de Fora, na Zona da Mata, trabalha na dire\u00e7\u00e3o-geral da Penitenci\u00e1ria Professor Ariosvaldo Campos Pires, \u00c2ndrea Val\u00e9ria Andries Pinto. A unidade tem quase 700 detentos. \u201cNunca senti preconceito por parte de nenhum preso, no entanto j\u00e1 percebi em funcion\u00e1rios, mas \u00e9 algo do passado\u201d, relata a diretora, que est\u00e1 no cargo h\u00e1 oito anos.<\/p>\n<p>Para o subsecret\u00e1rio de Administra\u00e7\u00e3o Prisional, Ant\u00f4nio de Padova Marchi J\u00fanior, a presen\u00e7a de mulheres na dire\u00e7\u00e3o-geral de unidades prisionais segue o mesmo caminho visto em diversas \u00e1reas da sociedade. \u201cA procura por vagas em concursos da Seds tamb\u00e9m demonstra o interesse das mulheres pelo trabalho no Sistema Prisional\u201d, refor\u00e7a o Subsecret\u00e1rio.<\/p>\n<p><strong>Orgulho<\/strong><\/p>\n<p>Encontrar por acaso com ex-detentos em uma avenida, pra\u00e7a ou at\u00e9 mesmo dentro de um supermercado \u00e9 fato comum na vida das mulheres diretoras de unidades da Secretaria de Estado de Defesa Social (Seds). N\u00e3o em uma situa\u00e7\u00e3o de risco, como um assalto, mas em um encontro amig\u00e1vel, no qual a pessoa conta como est\u00e1 sua vida.<\/p>\n<p>\u00c2ndrea fala com muita satisfa\u00e7\u00e3o que recentemente, ao pagar uma conta em um supermercado, a mo\u00e7a do caixa a reconheceu e relatou estar tamb\u00e9m estudando. \u201cEla me apresentou a uma colega de trabalho e disse que fui sua diretora. A situa\u00e7\u00e3o foi muito natural, pareceu que eu tinha sido a diretora de uma escola. Minha maior felicidade \u00e9 encontrar um ex-detento trabalhando\u201d, conta.<\/p>\n<p>Situa\u00e7\u00e3o semelhante passou a diretora-geral do Complexo Penitenci\u00e1rio Estev\u00e3o Pinto, Nat\u00e1lia Nascimento Rodrigues. A unidade, situada no bairro Horto, em Belo Horizonte e tem mais de 400 presas. Nat\u00e1lia comprou um sapato em uma loja, com uma vendedora que havia cumprido pena na Estev\u00e3o Pinto. \u201cTamb\u00e9m j\u00e1 estive com ex-detentas em cerim\u00f4nias de cola\u00e7\u00e3o de grau. Elas formaram-se em Direito e Fisioterapia e fui convidada para assistir. Fatos como este deixam toda a equipe da Estev\u00e3o Pinto bem feliz&#8221;, destaca.<\/p>\n<p>Em Uberl\u00e2ndia, a diretora B\u00e1rbara Carvalho, costuma receber liga\u00e7\u00f5es de jovens que estiveram no Centro Socioeducativo para cumprir medidas. \u201cEles e os pais fazem quest\u00e3o de falar sobre as mudan\u00e7as positivas ocorridas ap\u00f3s a interna\u00e7\u00e3o. Isto \u00e9 resultado de um trabalho de equipe e traz grande motiva\u00e7\u00e3o\u201d, afirma B\u00e1rbara.<\/p>\n<p>O subsecret\u00e1rio de Atendimento \u00e0s Medidas Socioeducativas, Ant\u00f4nio Armando dos Anjos, explica que, mesmo em unidades masculinas, a presen\u00e7a de mulheres em outros cargos tamb\u00e9m \u00e9 predominante. \u201cEstas profissionais fazem um trabalho precioso, merecedor de muita valoriza\u00e7\u00e3o\u201d, sinaliza o subsecret\u00e1rio.<\/p>\n<p><strong>Dedica\u00e7\u00e3o<\/strong><\/p>\n<p>\u201cGosto quando me trazem problemas, pois fico satisfeita em resolv\u00ea-los\u201d, confessa a diretora-geral do Pres\u00eddio Floramar, situado em Divin\u00f3polis, na Regi\u00e3o Centro-Oeste do estado. Ela administra uma unidade com 736 presos, sendo 687 homens e 49 mulheres.<\/p>\n<p>A disposi\u00e7\u00e3o para resolver problemas \u00e9 uma unanimidade entre as diretoras. Seus celulares ficam ligados 24 horas, at\u00e9 nas f\u00e9rias. \u201cSinto falta quando n\u00e3o me telefonam, mas fico tranquila, pois a equipe \u00e9 preparada e competente\u201d, fala com orgulho a diretor-geral \u00c2ndrea Pinto.<\/p>\n<p>B\u00e1rbara, Nat\u00e1lia e Elizabeth tamb\u00e9m fazem quest\u00e3o de ressaltar a compet\u00eancia de suas equipes. Elas valorizam e agradecem o empenho de todos os servidores de suas unidades.<\/p>\n<p>Das 148 unidades da Subsecretaria de Administra\u00e7\u00e3o Prisional (Suapi), 15 t\u00eam mulheres como diretoras-gerais. Na Subsecretaria de Atendimento \u00e0s Medidas Socioeducativas (Suase), h\u00e1 26 mulheres no cargo de diretora-geral, nas 33 unidades socioeducativas.<\/p>\n<p>Para a diretora Nat\u00e1lia Rodrigues, com 29 anos de trabalho no Sistema Prisional, as mulheres t\u00eam totais condi\u00e7\u00f5es de assumir qualquer cargo em unidades prisionais. Quanto a um homem assumir a dire\u00e7\u00e3o do Complexo Penitenci\u00e1rio Estev\u00e3o Pinto, Nat\u00e1lia \u00e9 categ\u00f3rica: \u201c\u00e9 poss\u00edvel, mas \u00e9 preciso ter a capacidade de compreender o universo feminino&#8221;, finaliza. (Ag\u00eancia Minas)<\/p>\n","protected":false},"excerpt":{"rendered":"<p>Em unidades socioeducativas e unidades prisionais, o p\u00fablico feminino ocupa a centralidade, na gest\u00e3o e no gerenciamento dos servi\u00e7os mineiros. A Secretaria de Estado de Defesa Social (Seds) destaca, neste dia 8 de mar\u00e7o \u2013 Dia Internacional da Mulher \u2013, o trabalho das mulheres \u00e0 frente de unidades prisionais e socioeducativas em Minas Gerais. Elas [&hellip;]<\/p>\n","protected":false},"author":1,"featured_media":54573,"comment_status":"open","ping_status":"closed","sticky":false,"template":"","format":"standard","meta":{"amp_status":"","footnotes":""},"categories":[123],"tags":[36636,36634,36632,36635,36638,36631,36630,5283,199,206,36629,36637,36633,221],"class_list":["post-54572","post","type-post","status-publish","format-standard","has-post-thumbnail","hentry","category-gerais","tag-andrea-pinto","tag-andrea-valeria-andries-pinto","tag-barbara-accioly-carvalho","tag-barbara-carvalho","tag-barbara-carvalho-e-a-diretora-geral-do-centro-socioeducativo-de-uberlandia","tag-dia-8-de-marco","tag-dia-8-de-marco-dia-internacional-da-mulher","tag-dia-internacional-da-mulher","tag-divinopolis","tag-juiz-de-fora","tag-mulheres-lideram-instituicoes-de-seguranca-com-dedicacao-e-profissionalismo","tag-natalia-rodrigues","tag-penitenciaria-professor-ariosvaldo-campos-pires","tag-uberlandia"],"_links":{"self":[{"href":"https:\/\/aconteceunovale.com.br\/portal\/index.php?rest_route=\/wp\/v2\/posts\/54572","targetHints":{"allow":["GET"]}}],"collection":[{"href":"https:\/\/aconteceunovale.com.br\/portal\/index.php?rest_route=\/wp\/v2\/posts"}],"about":[{"href":"https:\/\/aconteceunovale.com.br\/portal\/index.php?rest_route=\/wp\/v2\/types\/post"}],"author":[{"embeddable":true,"href":"https:\/\/aconteceunovale.com.br\/portal\/index.php?rest_route=\/wp\/v2\/users\/1"}],"replies":[{"embeddable":true,"href":"https:\/\/aconteceunovale.com.br\/portal\/index.php?rest_route=%2Fwp%2Fv2%2Fcomments&post=54572"}],"version-history":[{"count":0,"href":"https:\/\/aconteceunovale.com.br\/portal\/index.php?rest_route=\/wp\/v2\/posts\/54572\/revisions"}],"wp:featuredmedia":[{"embeddable":true,"href":"https:\/\/aconteceunovale.com.br\/portal\/index.php?rest_route=\/wp\/v2\/media\/54573"}],"wp:attachment":[{"href":"https:\/\/aconteceunovale.com.br\/portal\/index.php?rest_route=%2Fwp%2Fv2%2Fmedia&parent=54572"}],"wp:term":[{"taxonomy":"category","embeddable":true,"href":"https:\/\/aconteceunovale.com.br\/portal\/index.php?rest_route=%2Fwp%2Fv2%2Fcategories&post=54572"},{"taxonomy":"post_tag","embeddable":true,"href":"https:\/\/aconteceunovale.com.br\/portal\/index.php?rest_route=%2Fwp%2Fv2%2Ftags&post=54572"}],"curies":[{"name":"wp","href":"https:\/\/api.w.org\/{rel}","templated":true}]}}