{"id":54553,"date":"2015-03-07T15:27:24","date_gmt":"2015-03-07T18:27:24","guid":{"rendered":"http:\/\/aconteceunovale.com.br\/portal\/?p=54553"},"modified":"2015-03-07T15:27:24","modified_gmt":"2015-03-07T18:27:24","slug":"cemig-promove-palestra-para-as-servidoras-municipais-de-governador-valadares","status":"publish","type":"post","link":"https:\/\/aconteceunovale.com.br\/portal\/?p=54553","title":{"rendered":"Cemig promove palestra para as servidoras municipais de Governador Valadares"},"content":{"rendered":"<p>Em comemora\u00e7\u00e3o ao dia Internacional da Mulher, a Companhia Energ\u00e9tica de Minas Gerais (Cemig), promoveu nesta sexta-feira (06\/03), um encontro com as funcion\u00e1rias da Secretaria Municipal de Obras e da Secretaria de Servi\u00e7os Urbanos de Governador Valadares. O \u201cCaf\u00e9 com a Cemig\u201d contou com a participa\u00e7\u00e3o da prefeita Elisa Costa, al\u00e9m de secret\u00e1rios e vereadores da cidade.   <\/p>\n<p>O encontro \u00e9 um caf\u00e9 com bate papo bem descontra\u00eddo, com a \u201ccara\u201d e o \u201cjeitinho mineiro de ser\u201d, visando uma maior aproxima\u00e7\u00e3o da Cemig com seus clientes residenciais.<\/p>\n<p>Durante o evento, a Empresa divulga dicas de economia de energia, esclarece d\u00favidas, passa informa\u00e7\u00f5es sobre seguran\u00e7a no lar, sobre os direitos e os deveres dos consumidores, responsabilidade social e ambiental. A palestra aborda ainda os canais de atendimento da Empresa, a Rede Cemig F\u00e1cil, Ag\u00eancia Virtual, Cemig Torpedo (SMS) e redes sociais. H\u00e1 espa\u00e7o tamb\u00e9m para sugest\u00f5es, elogios e reclama\u00e7\u00f5es, as quais s\u00e3o registradas para futuros desdobramentos e tratamentos pela Empresa, com retorno aos participantes.<\/p>\n<p><strong>Caf\u00e9 com a Cemig <\/strong><\/p>\n<p>Este foi o \u00faltimo de uma s\u00e9rie de eventos realizado em sete cidades do Leste do estado, s\u00f3 neste ano. Ao todo, mais de 400 mulheres de Governador Valadares, Guanh\u00e3es, Minas Novas, Turmalina, Carbonita, Vargem Alegre e Serra dos Aimor\u00e9s participaram do evento.<\/p>\n<p><img decoding=\"async\" src=\"http:\/\/aconteceunovale.com.br\/portal\/wp-content\/uploads\/2015\/03\/cafe_com_a_cemig_gv.jpg\" alt=\"\" \/><em>Cerca de 70 servidoras municipais participaram do evento &#8211; Foto: Divulga\u00e7\u00e3o<\/em><\/p>\n","protected":false},"excerpt":{"rendered":"<p>Em comemora\u00e7\u00e3o ao dia Internacional da Mulher, a Companhia Energ\u00e9tica de Minas Gerais (Cemig), promoveu nesta sexta-feira (06\/03), um encontro com as funcion\u00e1rias da Secretaria Municipal de Obras e da Secretaria de Servi\u00e7os Urbanos de Governador Valadares. O \u201cCaf\u00e9 com a Cemig\u201d contou com a participa\u00e7\u00e3o da prefeita Elisa Costa, al\u00e9m de secret\u00e1rios e vereadores [&hellip;]<\/p>\n","protected":false},"author":1,"featured_media":54554,"comment_status":"open","ping_status":"closed","sticky":false,"template":"","format":"standard","meta":{"amp_status":"","footnotes":""},"categories":[121],"tags":[36586,347,36584,1886,247,36585],"class_list":["post-54553","post","type-post","status-publish","format-standard","has-post-thumbnail","hentry","category-leste","tag-cafe-com-a-cemig","tag-cemig","tag-cemig-promove-palestra-para-as-servidoras-municipais-de-governador-valadares","tag-elisa-costa","tag-governador-valadares","tag-palestra-para-as-servidoras-municipais-de-governador-valadares"],"_links":{"self":[{"href":"https:\/\/aconteceunovale.com.br\/portal\/index.php?rest_route=\/wp\/v2\/posts\/54553","targetHints":{"allow":["GET"]}}],"collection":[{"href":"https:\/\/aconteceunovale.com.br\/portal\/index.php?rest_route=\/wp\/v2\/posts"}],"about":[{"href":"https:\/\/aconteceunovale.com.br\/portal\/index.php?rest_route=\/wp\/v2\/types\/post"}],"author":[{"embeddable":true,"href":"https:\/\/aconteceunovale.com.br\/portal\/index.php?rest_route=\/wp\/v2\/users\/1"}],"replies":[{"embeddable":true,"href":"https:\/\/aconteceunovale.com.br\/portal\/index.php?rest_route=%2Fwp%2Fv2%2Fcomments&post=54553"}],"version-history":[{"count":0,"href":"https:\/\/aconteceunovale.com.br\/portal\/index.php?rest_route=\/wp\/v2\/posts\/54553\/revisions"}],"wp:featuredmedia":[{"embeddable":true,"href":"https:\/\/aconteceunovale.com.br\/portal\/index.php?rest_route=\/wp\/v2\/media\/54554"}],"wp:attachment":[{"href":"https:\/\/aconteceunovale.com.br\/portal\/index.php?rest_route=%2Fwp%2Fv2%2Fmedia&parent=54553"}],"wp:term":[{"taxonomy":"category","embeddable":true,"href":"https:\/\/aconteceunovale.com.br\/portal\/index.php?rest_route=%2Fwp%2Fv2%2Fcategories&post=54553"},{"taxonomy":"post_tag","embeddable":true,"href":"https:\/\/aconteceunovale.com.br\/portal\/index.php?rest_route=%2Fwp%2Fv2%2Ftags&post=54553"}],"curies":[{"name":"wp","href":"https:\/\/api.w.org\/{rel}","templated":true}]}}