{"id":54549,"date":"2015-03-07T15:22:40","date_gmt":"2015-03-07T18:22:40","guid":{"rendered":"http:\/\/aconteceunovale.com.br\/portal\/?p=54549"},"modified":"2015-03-07T15:22:40","modified_gmt":"2015-03-07T18:22:40","slug":"ortopedista-fara-trabalho-voluntario-no-recanto-frei-dimas-em-teofilo-otoni","status":"publish","type":"post","link":"https:\/\/aconteceunovale.com.br\/portal\/?p=54549","title":{"rendered":"Ortopedista far\u00e1 trabalho volunt\u00e1rio no Recanto Frei Dimas em Te\u00f3filo Otoni"},"content":{"rendered":"<p>Come\u00e7ou na \u00faltima ter\u00e7a-feira, 3 de mar\u00e7o, o atendimento volunt\u00e1rio do m\u00e9dico ortopedista Dr. Jader Bahia, no Recanto Frei Dimas, em Te\u00f3filo Otoni. O profissional atendeu a uma solicita\u00e7\u00e3o da primeira-dama do munic\u00edpio, psic\u00f3loga Ana Paula Tomich, e visitar\u00e1 a entidade semanalmente.<\/p>\n<p>Na primeira visita, Dr. Jader estava acompanhado da primeira-dama e ambos foram recebidos com muito carinho pelos idosos e pela dire\u00e7\u00e3o do Recanto. Segundo Ana Paula, \u201cos idosos precisam de uma maior aten\u00e7\u00e3o por parte da comunidade. Tenho muito que agradecer ao Dr. Jader, que abra\u00e7ou comigo esta causa. Os idosos agora ter\u00e3o, al\u00e9m do atendimento m\u00e9dico, um amigo\u201d, disse. <\/p>\n<p>O m\u00e9dico, por sua vez, mostrou-se contente com esta a\u00e7\u00e3o: \u201cpara mim, \u00e9 um privil\u00e9gio estar aqui, colocando a disposi\u00e7\u00e3o desta gente carente os meus servi\u00e7os, este \u00e9 o meu compromisso a partir de hoje com esta institui\u00e7\u00e3o.\u201d O atendimento chega num momento oportuno ao Recanto, que agora ter\u00e1, semanalmente, a presen\u00e7a de um profissional gabaritado para atendimento aos idosos.<\/p>\n<p><img decoding=\"async\" src=\"http:\/\/aconteceunovale.com.br\/portal\/wp-content\/uploads\/2015\/03\/medico_teo_recanto_frei_dimas_1.jpg\" alt=\"\" \/><em>Equipe do Recanto Frei Dimas, a primeira-dama do munic\u00edpio de Te\u00f3filo Otoni, psic\u00f3loga Ana Paula Tomich e o m\u00e9dico Dr. Jader Bahia &#8211; Foto: Gabriel Martins \/ Divulga\u00e7\u00e3o<\/em><br \/>\n<\/br><\/p>\n<p><img decoding=\"async\" src=\"http:\/\/aconteceunovale.com.br\/portal\/wp-content\/uploads\/2015\/03\/medico_teo_recanto_frei_dimas_2.jpg\" alt=\"\" \/><em>O m\u00e9dico Jader e a primeira-dama do munic\u00edpio de Te\u00f3filo Otoni, psic\u00f3loga Ana Paula Tomich ouvem atentamente a assistente social Marta Sander e um idoso do Recanto &#8211; Foto: Gabriel Martins \/ Divulga\u00e7\u00e3o<\/em><\/p>\n","protected":false},"excerpt":{"rendered":"<p>Come\u00e7ou na \u00faltima ter\u00e7a-feira, 3 de mar\u00e7o, o atendimento volunt\u00e1rio do m\u00e9dico ortopedista Dr. Jader Bahia, no Recanto Frei Dimas, em Te\u00f3filo Otoni. O profissional atendeu a uma solicita\u00e7\u00e3o da primeira-dama do munic\u00edpio, psic\u00f3loga Ana Paula Tomich, e visitar\u00e1 a entidade semanalmente. Na primeira visita, Dr. Jader estava acompanhado da primeira-dama e ambos foram recebidos [&hellip;]<\/p>\n","protected":false},"author":1,"featured_media":54550,"comment_status":"open","ping_status":"closed","sticky":false,"template":"","format":"standard","meta":{"amp_status":"","footnotes":""},"categories":[122],"tags":[36580,36578,36581,36583,36577,36574,36582,36579,36576,164,36575],"class_list":["post-54549","post","type-post","status-publish","format-standard","has-post-thumbnail","hentry","category-mucuri","tag-ana-paula-tomich","tag-dr-jader-bahia","tag-equipe-do-recanto-frei-dimas","tag-marta-sander","tag-medico-ortopedista-dr-jader-bahia","tag-ortopedista-fara-trabalho-voluntario-no-recanto-frei-dimas-em-teofilo-otoni","tag-primeira-dama-do-municipio-de-teofilo-otoni","tag-psicologa-ana-paula-tomich","tag-recanto-frei-dimas","tag-teofilo-otoni","tag-trabalho-voluntario-no-recanto-frei-dimas"],"_links":{"self":[{"href":"https:\/\/aconteceunovale.com.br\/portal\/index.php?rest_route=\/wp\/v2\/posts\/54549","targetHints":{"allow":["GET"]}}],"collection":[{"href":"https:\/\/aconteceunovale.com.br\/portal\/index.php?rest_route=\/wp\/v2\/posts"}],"about":[{"href":"https:\/\/aconteceunovale.com.br\/portal\/index.php?rest_route=\/wp\/v2\/types\/post"}],"author":[{"embeddable":true,"href":"https:\/\/aconteceunovale.com.br\/portal\/index.php?rest_route=\/wp\/v2\/users\/1"}],"replies":[{"embeddable":true,"href":"https:\/\/aconteceunovale.com.br\/portal\/index.php?rest_route=%2Fwp%2Fv2%2Fcomments&post=54549"}],"version-history":[{"count":0,"href":"https:\/\/aconteceunovale.com.br\/portal\/index.php?rest_route=\/wp\/v2\/posts\/54549\/revisions"}],"wp:featuredmedia":[{"embeddable":true,"href":"https:\/\/aconteceunovale.com.br\/portal\/index.php?rest_route=\/wp\/v2\/media\/54550"}],"wp:attachment":[{"href":"https:\/\/aconteceunovale.com.br\/portal\/index.php?rest_route=%2Fwp%2Fv2%2Fmedia&parent=54549"}],"wp:term":[{"taxonomy":"category","embeddable":true,"href":"https:\/\/aconteceunovale.com.br\/portal\/index.php?rest_route=%2Fwp%2Fv2%2Fcategories&post=54549"},{"taxonomy":"post_tag","embeddable":true,"href":"https:\/\/aconteceunovale.com.br\/portal\/index.php?rest_route=%2Fwp%2Fv2%2Ftags&post=54549"}],"curies":[{"name":"wp","href":"https:\/\/api.w.org\/{rel}","templated":true}]}}