{"id":54545,"date":"2015-03-07T15:10:38","date_gmt":"2015-03-07T18:10:38","guid":{"rendered":"http:\/\/aconteceunovale.com.br\/portal\/?p=54545"},"modified":"2015-03-07T15:10:38","modified_gmt":"2015-03-07T18:10:38","slug":"socorristas-do-samu-realizam-parto-de-emergencia-em-montes-claros","status":"publish","type":"post","link":"https:\/\/aconteceunovale.com.br\/portal\/?p=54545","title":{"rendered":"Socorristas do Samu realizam parto de emerg\u00eancia em Montes Claros"},"content":{"rendered":"<h4><em><strong>Parto foi realizado no bairro Delfino Magalh\u00e3es. M\u00e3e e a beb\u00ea foram encaminhadas para um hospital da cidade.<\/strong><\/em><\/h4>\n<p>Uma das maiores alegrias do socorrista do Samu \u00e9 quando realiza um parto de emerg\u00eancia e a crian\u00e7a nasce saud\u00e1vel e mam\u00e3e e beb\u00ea ficam bem.<\/p>\n<p>Nesta semana, a equipe Bravo da base do Samu de Montes Claros, composta pelo t\u00e9cnico em Enfermagem, Jonatan Ferreira de Jesus, e o condutor socorrista, Mauro S\u00e9rgio Campos, acompanhados estagi\u00e1ria, acad\u00eamica de Medicina, \u00c9rika, ajudou a gestante Emanuelle Cristine, de 20 anos, a trazer \u00e0 luz a pequena Rebeca, no bairro Delfino Magalh\u00e3es, em Montes Claros<\/p>\n<p>Ap\u00f3s o trabalho de parto, ambas foram encaminhadas para o hospital universit\u00e1rio Clemente de Faria, est\u00e1veis e felizes. \u201c\u00c9 uma alegria indescrit\u00edvel quando o beb\u00ea nasce e tudo termina bem. Sou grato a Deus pela oportunidade de realizar esse trabalho\u201d, agradece Mauro S\u00e9rgio.<\/p>\n<p><img decoding=\"async\" src=\"http:\/\/aconteceunovale.com.br\/portal\/wp-content\/uploads\/2015\/03\/parto_emergencia_moc_samu_1.jpg\" alt=\"\" \/><em>Parto foi realizado no bairro Delfino Magalh\u00e3es &#8211; Foto: Jer\u00fasia Arruda \/ Divulga\u00e7\u00e3o Samu<\/em><br \/>\n<\/br><\/p>\n<p><img decoding=\"async\" src=\"http:\/\/aconteceunovale.com.br\/portal\/wp-content\/uploads\/2015\/03\/parto_emergencia_moc_samu_2.jpg\" alt=\"\" \/><em>Parto foi realizado no bairro Delfino Magalh\u00e3es &#8211; Foto: Jer\u00fasia Arruda \/ Divulga\u00e7\u00e3o Samu<\/em><\/p>\n","protected":false},"excerpt":{"rendered":"<p>Parto foi realizado no bairro Delfino Magalh\u00e3es. M\u00e3e e a beb\u00ea foram encaminhadas para um hospital da cidade. Uma das maiores alegrias do socorrista do Samu \u00e9 quando realiza um parto de emerg\u00eancia e a crian\u00e7a nasce saud\u00e1vel e mam\u00e3e e beb\u00ea ficam bem. Nesta semana, a equipe Bravo da base do Samu de Montes [&hellip;]<\/p>\n","protected":false},"author":1,"featured_media":54546,"comment_status":"open","ping_status":"closed","sticky":false,"template":"","format":"standard","meta":{"amp_status":"","footnotes":""},"categories":[1236],"tags":[36570,36567,36568,36569,36573,210,36572,18629,36571],"class_list":["post-54545","post","type-post","status-publish","format-standard","has-post-thumbnail","hentry","category-norte_de_minas","tag-emanuelle-cristine","tag-equipe-bravo-da-base-do-samu-de-montes-claros","tag-jonatan-ferreira-de-jesus","tag-mauro-sergio-campos","tag-milagre-da-vida","tag-montes-claros","tag-parto-de-emergencia-em-montes-claros","tag-samu-de-montes-claros","tag-socorristas-do-samu-realizam-parto-de-emergencia-em-montes-claros"],"_links":{"self":[{"href":"https:\/\/aconteceunovale.com.br\/portal\/index.php?rest_route=\/wp\/v2\/posts\/54545","targetHints":{"allow":["GET"]}}],"collection":[{"href":"https:\/\/aconteceunovale.com.br\/portal\/index.php?rest_route=\/wp\/v2\/posts"}],"about":[{"href":"https:\/\/aconteceunovale.com.br\/portal\/index.php?rest_route=\/wp\/v2\/types\/post"}],"author":[{"embeddable":true,"href":"https:\/\/aconteceunovale.com.br\/portal\/index.php?rest_route=\/wp\/v2\/users\/1"}],"replies":[{"embeddable":true,"href":"https:\/\/aconteceunovale.com.br\/portal\/index.php?rest_route=%2Fwp%2Fv2%2Fcomments&post=54545"}],"version-history":[{"count":0,"href":"https:\/\/aconteceunovale.com.br\/portal\/index.php?rest_route=\/wp\/v2\/posts\/54545\/revisions"}],"wp:featuredmedia":[{"embeddable":true,"href":"https:\/\/aconteceunovale.com.br\/portal\/index.php?rest_route=\/wp\/v2\/media\/54546"}],"wp:attachment":[{"href":"https:\/\/aconteceunovale.com.br\/portal\/index.php?rest_route=%2Fwp%2Fv2%2Fmedia&parent=54545"}],"wp:term":[{"taxonomy":"category","embeddable":true,"href":"https:\/\/aconteceunovale.com.br\/portal\/index.php?rest_route=%2Fwp%2Fv2%2Fcategories&post=54545"},{"taxonomy":"post_tag","embeddable":true,"href":"https:\/\/aconteceunovale.com.br\/portal\/index.php?rest_route=%2Fwp%2Fv2%2Ftags&post=54545"}],"curies":[{"name":"wp","href":"https:\/\/api.w.org\/{rel}","templated":true}]}}