{"id":54542,"date":"2015-03-07T14:59:56","date_gmt":"2015-03-07T17:59:56","guid":{"rendered":"http:\/\/aconteceunovale.com.br\/portal\/?p=54542"},"modified":"2015-03-07T14:59:56","modified_gmt":"2015-03-07T17:59:56","slug":"ufvjm-lanca-radio-educativa-em-diamantina","status":"publish","type":"post","link":"https:\/\/aconteceunovale.com.br\/portal\/?p=54542","title":{"rendered":"UFVJM lan\u00e7a r\u00e1dio educativa em Diamantina"},"content":{"rendered":"<h4><em><strong>R\u00e1dio Universit\u00e1ria 99,7 &#8211; UFVJM na frequ\u00eancia do saber<\/strong><\/em><\/h4>\n<p>Durante todo o m\u00eas de mar\u00e7o, a Universidade Federal dos Vales do Jequitinhonha e Mucuri (UFVJM), atrav\u00e9s da Diretoria de Comunica\u00e7\u00e3o Social (Dicom), realiza a campanha de divulga\u00e7\u00e3o da R\u00e1dio Universit\u00e1ria em Diamantina. Pop cards e informa\u00e7\u00f5es sobre o mais novo canal de comunica\u00e7\u00e3o da Universidade foram distribu\u00eddos para a comunidade acad\u00eamica atrav\u00e9s de &#8216;blitz&#8217; realizada na entrada do Campus JK; cartazes foram afixados nas depend\u00eancias da UFVJM e outdoors divulgam a R\u00e1dio na cidade.<\/p>\n<p>A R\u00e1dio Universit\u00e1ria &#8211; uma parceria com a Funda\u00e7\u00e3o Diamantinense de Apoio ao Ensino, Pesquisa e Extens\u00e3o (Fundaepe) &#8211; apresenta-se como um importante canal de comunica\u00e7\u00e3o e relacionamento com a comunidade acad\u00eamica e tamb\u00e9m com os ouvintes de Diamantina e das demais cidades alcan\u00e7adas por suas ondas sonoras.<\/p>\n<p>\u00c9 uma emissora p\u00fablica e, como tal e diferentemente das r\u00e1dios comerciais, funciona como ve\u00edculo do saber cient\u00edfico, cultural e educacional produzido pela UFVJM. Sua programa\u00e7\u00e3o tem como foco o interesse p\u00fablico, a dissemina\u00e7\u00e3o do conhecimento e da inova\u00e7\u00e3o, a valoriza\u00e7\u00e3o das ra\u00edzes culturais e as not\u00edcias da Universidade, de Diamantina e do Brasil, al\u00e9m de uma programa\u00e7\u00e3o musical de qualidade, nacional e internacional.<\/p>\n<p><strong>Equipamentos e tramita\u00e7\u00e3o<\/strong><\/p>\n<p>Para a montagem da emissora, a UFVJM licitou materiais e equipamentos digitais de \u00faltima gera\u00e7\u00e3o, os melhores e mais modernos da regi\u00e3o. Sua infraestrutura conta com tr\u00eas est\u00fadios para produ\u00e7\u00e3o e apresenta\u00e7\u00e3o no Campus JK e um est\u00fadio de apoio no centro de Diamantina.<\/p>\n<p>Em 2009, a Fundaepe recebeu a outorga do canal de r\u00e1dio, que foi aprovada pelo Senado Federal em 2011. Em 2014, o Minist\u00e9rio das Comunica\u00e7\u00f5es aprovou as instala\u00e7\u00f5es e autorizou o in\u00edcio as atividades. A R\u00e1dio Universit\u00e1ria entrou no ar, em car\u00e1ter experimental, no dia 30 de agosto de 2014, utilizando o canal 259 E, Classe B1, em Frequ\u00eancia Modulada (FM) 99,7.<\/p>\n<p><img decoding=\"async\" src=\"http:\/\/aconteceunovale.com.br\/portal\/wp-content\/uploads\/2015\/03\/radio_universitaria_ufvjm.jpg\" alt=\"\" \/><\/p>\n","protected":false},"excerpt":{"rendered":"<p>R\u00e1dio Universit\u00e1ria 99,7 &#8211; UFVJM na frequ\u00eancia do saber Durante todo o m\u00eas de mar\u00e7o, a Universidade Federal dos Vales do Jequitinhonha e Mucuri (UFVJM), atrav\u00e9s da Diretoria de Comunica\u00e7\u00e3o Social (Dicom), realiza a campanha de divulga\u00e7\u00e3o da R\u00e1dio Universit\u00e1ria em Diamantina. Pop cards e informa\u00e7\u00f5es sobre o mais novo canal de comunica\u00e7\u00e3o da Universidade [&hellip;]<\/p>\n","protected":false},"author":1,"featured_media":54543,"comment_status":"open","ping_status":"closed","sticky":false,"template":"","format":"standard","meta":{"amp_status":"","footnotes":""},"categories":[120],"tags":[198,36560,36559,36565,36564,36563,36562,36561,250,36566,7129],"class_list":["post-54542","post","type-post","status-publish","format-standard","has-post-thumbnail","hentry","category-jequi","tag-diamantina","tag-dicom","tag-diretoria-de-comunicacao-social","tag-fundaepe","tag-radio-da-ufvjm","tag-radio-universitaria-da-ufvjm","tag-radio-universitaria-de-diamantina","tag-radio-universitaria-em-diamantina","tag-ufvjm","tag-ufvjm-lanca-radio-educativa-em-diamantina","tag-universidade-federal-dos-vales-do-jequitinhonha-e-mucuri"],"_links":{"self":[{"href":"https:\/\/aconteceunovale.com.br\/portal\/index.php?rest_route=\/wp\/v2\/posts\/54542","targetHints":{"allow":["GET"]}}],"collection":[{"href":"https:\/\/aconteceunovale.com.br\/portal\/index.php?rest_route=\/wp\/v2\/posts"}],"about":[{"href":"https:\/\/aconteceunovale.com.br\/portal\/index.php?rest_route=\/wp\/v2\/types\/post"}],"author":[{"embeddable":true,"href":"https:\/\/aconteceunovale.com.br\/portal\/index.php?rest_route=\/wp\/v2\/users\/1"}],"replies":[{"embeddable":true,"href":"https:\/\/aconteceunovale.com.br\/portal\/index.php?rest_route=%2Fwp%2Fv2%2Fcomments&post=54542"}],"version-history":[{"count":0,"href":"https:\/\/aconteceunovale.com.br\/portal\/index.php?rest_route=\/wp\/v2\/posts\/54542\/revisions"}],"wp:featuredmedia":[{"embeddable":true,"href":"https:\/\/aconteceunovale.com.br\/portal\/index.php?rest_route=\/wp\/v2\/media\/54543"}],"wp:attachment":[{"href":"https:\/\/aconteceunovale.com.br\/portal\/index.php?rest_route=%2Fwp%2Fv2%2Fmedia&parent=54542"}],"wp:term":[{"taxonomy":"category","embeddable":true,"href":"https:\/\/aconteceunovale.com.br\/portal\/index.php?rest_route=%2Fwp%2Fv2%2Fcategories&post=54542"},{"taxonomy":"post_tag","embeddable":true,"href":"https:\/\/aconteceunovale.com.br\/portal\/index.php?rest_route=%2Fwp%2Fv2%2Ftags&post=54542"}],"curies":[{"name":"wp","href":"https:\/\/api.w.org\/{rel}","templated":true}]}}