{"id":54536,"date":"2015-03-07T14:38:53","date_gmt":"2015-03-07T17:38:53","guid":{"rendered":"http:\/\/aconteceunovale.com.br\/portal\/?p=54536"},"modified":"2015-03-07T14:38:53","modified_gmt":"2015-03-07T17:38:53","slug":"seis-vitimas-de-tragedia-na-br-381-sao-enterradas-em-sao-sebastiao-do-maranhao","status":"publish","type":"post","link":"https:\/\/aconteceunovale.com.br\/portal\/?p=54536","title":{"rendered":"Seis v\u00edtimas de trag\u00e9dia na BR-381 s\u00e3o enterradas em S\u00e3o Sebasti\u00e3o do Maranh\u00e3o"},"content":{"rendered":"<h4><em><strong>Os corpos foram enterrados na tarde desta sexta-feira no cemit\u00e9rio de S\u00e3o Sebasti\u00e3o do Maranh\u00e3o, na Regi\u00e3o do Vale do Rio Doce<\/strong><\/em><\/h4>\n<p>O clima de como\u00e7\u00e3o e tristeza tomou conta de S\u00e3o Sebasti\u00e3o do Maranh\u00e3o, na Regi\u00e3o do Vale do Rio Doce. Os corpos de seis das setes v\u00edtimas do acidente entre uma carreta e uma van na BR-381 na madrugada de quinta-feira, 5 de mar\u00e7o, em Oliveira, na Regi\u00e3o Centro-Oeste, foram enterradas na tarde desta sexta-feira (6). Um padre e um pastor levaram conforto as fam\u00edlias das v\u00edtimas durante o sepultamento. <\/p>\n<p><img decoding=\"async\" src=\"http:\/\/aconteceunovale.com.br\/portal\/wp-content\/uploads\/2015\/03\/enterrados_ssm_1.jpg\" alt=\"\" \/><em>V\u00edtimas foram enterradas nessa sexta-feira (6) &#8211; Foto: Wakhysmam Pinheiro<\/em><br \/>\n<\/br><\/p>\n<p>Os corpos chegaram na cidade de aproximadamente 10 mil habitantes por volta das 13h30. Eles foram velados na Igreja Matriz de S\u00e3o Sebasti\u00e3o e no Sindicato Rural. Milhares de pessoas lotaram os locais para se despedirem dos parentes. Os caix\u00f5es ficaram fechados por causa do estado dos corpos, o que causou mais ang\u00fastia e dor aos parentes. \u201cForam muitos gritos e choros. Algumas pessoas chegaram a desmaiar. Foi uma situa\u00e7\u00e3o horr\u00edvel. Por n\u00e3o poder ver os corpos por causa do caix\u00e3o fechado, parentes ficaram com a sensa\u00e7\u00e3o desespero\u201d, afirma Wakhysmam Soares Pinheiro, secret\u00e1ria do prefeito da cidade. <\/p>\n<p>O vel\u00f3rio durou apenas uma hora a pedido do Instituto M\u00e9dico Legal (IML) por causa do estado dos corpos. Em seguida, as v\u00edtimas foram levadas para o cemit\u00e9rio da cidade. \u201cO sepultamento tamb\u00e9m foi r\u00e1pido. Um padre e um pastor falaram e rezaram para dar conforto as fam\u00edlias\u201d, conta Wakhysmam Soares. O prefeito do munic\u00edpio decretou luto por tr\u00eas dias. <\/p>\n<p><strong>Acidente na BR-381<\/strong><\/p>\n<p><img decoding=\"async\" src=\"http:\/\/aconteceunovale.com.br\/portal\/wp-content\/uploads\/2015\/03\/acidente_381_5_3_1.jpg\" alt=\"\" \/><em>Acidente aconteceu na BR-381, em Oliveira &#8211; Foto: PRF\/Divulga\u00e7\u00e3o<\/em><br \/>\n<\/br><\/p>\n<p>De acordo com a Pol\u00edcia Rodovi\u00e1ria Federal (PRF), a carreta que transportava cimento seguia de Belo Horizonte para S\u00e3o Paulo quando atravessou a mureta de divis\u00e3o de pistas, entrou na contram\u00e3o e atingiu a lateral da van que viajava de Jundia\u00ed para S\u00e3o Sebasti\u00e3o do Maranh\u00e3o. Morreram o motorista da carreta, Dejair Coelho de Souza, morador de Santa Gertrudes (SP), um dos motoristas da van e dono do ve\u00edculo, Ivanildo Alves Shimith, e as passageiras Ana Rodrigues Carneiro, de 75, Aparecida Carneiro Morais Costa, de 32, Ana Guedes Gomes dos Santos, Maria Aparecida Fonseca Pires e Rita Ferreira de Souza Alves.<\/p>\n<p>O segundo motorista, que estava ao volante da van, Adriano Jos\u00e9 da Silva, sobreviveu e deu entrada com trauma de cr\u00e2nio na Unidade Regional de Pronto-Atendimento de Lavras, no Sul de Minas. Consciente, ele precisou ser transferido para a Santa Casa de Miseric\u00f3rdia da cidade e, segundo funcion\u00e1rios, est\u00e1 no Centro de Terapia Intensiva (CTI).<\/p>\n<p><strong>Cidade se une no luto<\/strong><\/p>\n<p>A lembran\u00e7a da trag\u00e9dia antecedeu a chegada dos corpos e uniu em luto a cidade. V\u00e1rios moradores estenderam faixas pretas nas janelas e varandas em solidariedade. O com\u00e9rcio baixou as portas e os lojistas pregaram avisos de condol\u00eancias nas paredes dos estabelecimentos. Uma moto com equipamento de som circulou pelas ruas de cal\u00e7amento de paralelep\u00edpedos emitindo avisos de luto e informando sobre o vel\u00f3rio.<\/p>\n<p><img decoding=\"async\" src=\"http:\/\/aconteceunovale.com.br\/portal\/wp-content\/uploads\/2015\/03\/comocao_ssm_3.jpg\" alt=\"\" \/><em>Moradores estenderam faixas pretas em solidariedade &#8211; Foto: Ed\u00e9sio Ferreira \/ Estado de Minas<\/em><br \/>\n<\/br><\/p>\n<p>Entre a multid\u00e3o que tomou a pra\u00e7a central e a igreja para prestar suas homenagens estavam familiares de v\u00edtimas ainda atordoados. Muitos choraram a morte de mais de um ente, como a auxiliar de produ\u00e7\u00e3o Marcielle Teixeira dos Santos Shimith, de 21, que perdeu o marido, Ivanildo, e a irm\u00e3, Rita. \u201cAinda estamos sem a\u00e7\u00e3o. Sem saber o que fazer ao certo. \u00c9 como se tivessem arrancado um peda\u00e7o do meu cora\u00e7\u00e3o\u201d, disse.<\/p>\n<p>A filha do casal, Yasmim Vit\u00f3ria de Souza Shimith, de 5, ainda n\u00e3o entendia bem o que ocorreu. Triste, repetia ter saudades do pai, chorava, e se via perdida entre a multid\u00e3o consternada na porta da igreja, sem saber com quem conversar e at\u00e9 se corria com as outras crian\u00e7as pequenas que brincavam de pique entre as \u00e1rvores.<\/p>\n<p>O irm\u00e3o de Ivanildo, Jos\u00e9 Alves dos Santos, de 35, lembra que o ca\u00e7ula comentou ter muitos planos antes de viajar. \u201cEle queria ampliar a empresa de transportes, porque estava atendendo muita gente que precisa ir a S\u00e3o Paulo para trabalhar ou visitar parentes\u201d, conta. A vi\u00fava, Marcielle, lembra de ter comentado sobre os perigos da estrada. \u201cO movimento de carretas \u00e9 pesado demais (na Fern\u00e3o Dias). Mas o Ivanildo dizia estar sempre com Deus ao seu lado. Era um homem guerreiro, um \u00f3timo pai e marido\u201d, afirma.<\/p>\n<p>Outra irm\u00e3 de Rita, Maria da Penha Teixeira dos Santos, de 39, conta que a passageira da van estava fazendo tratamento de sa\u00fade em S\u00e3o Paulo. \u201cEla estava com problemas nos rins e na coluna. A morte dela deixou todo mundo atordoado, porque era uma pessoa que ajudava muito as pessoas. Acompanhava os doentes, alegrava quem estava triste e aconselhava quem tinha problemas\u201d, afirma.<\/p>\n<p><img decoding=\"async\" src=\"http:\/\/aconteceunovale.com.br\/portal\/wp-content\/uploads\/2015\/03\/comocao_ssm_1.jpg\" alt=\"\" \/><em>Prefeito decretou luto de 3 dias &#8211; Foto: Ed\u00e9sio Ferreira \/ Estado de Minas<\/em><br \/>\n<\/br><\/p>\n<p><strong>Vidas marcadas<\/strong><\/p>\n<p>Cada uma das v\u00edtimas era membro ativo de uma comunidade pequena e unida onde praticamente todos se conheciam. Entre eles estavam, por exemplo, uma professora, a funcion\u00e1ria do \u00fanico restaurante, a cunhada de um vereador e o dono de uma transportadora. \u201cAs pessoas est\u00e3o muito solid\u00e1rias e tristes tamb\u00e9m. Nunca t\u00ednhamos enfrentado uma trag\u00e9dia como essa por aqui e isso vai nos deixar marcados\u201d, disse a secret\u00e1ria municipal de Sa\u00fade, Renessa Alves Damasceno. Segundo ela, muitos parentes das v\u00edtimas precisaram ser medicados no posto de sa\u00fade por problemas de press\u00e3o e emocionais desencadeados pela perda.<\/p>\n<p>Auxiliando nos preparativos e tamb\u00e9m no conforto dos parentes, o padre Amarildo Dias da Silva, que est\u00e1 na cidade h\u00e1 apenas 10 meses, tamb\u00e9m disse ter sentido o desafio. \u201cNossa forma\u00e7\u00e3o como sacerdote nos prepara para muitas situa\u00e7\u00f5es e para ajudar a comunidade, mas qualquer pessoa que v\u00ea o desespero de uma filha em saber que a m\u00e3e que estava voltando de viagem n\u00e3o vai mais chegar \u00e9 muito triste e marca nossa vida\u201d, disse.<\/p>\n<p><img decoding=\"async\" src=\"http:\/\/aconteceunovale.com.br\/portal\/wp-content\/uploads\/2015\/03\/enterrados_ssm_2.jpg\" alt=\"\" \/><em>V\u00edtimas foram enterradas nessa sexta-feira (6) &#8211; Foto: Wakhysmam Pinheiro<\/em><br \/>\n<\/br><\/p>\n<p><img decoding=\"async\" src=\"http:\/\/aconteceunovale.com.br\/portal\/wp-content\/uploads\/2015\/03\/enterrados_ssm_3.jpg\" alt=\"\" \/><em>V\u00edtimas foram enterradas nessa sexta-feira (6) &#8211; Foto: Wakhysmam Pinheiro<\/em><br \/>\n<\/br><\/p>\n<p><img decoding=\"async\" src=\"http:\/\/aconteceunovale.com.br\/portal\/wp-content\/uploads\/2015\/03\/enterrados_ssm_4.jpg\" alt=\"\" \/><em>V\u00edtimas foram enterradas nessa sexta-feira (6) &#8211; Foto: Wakhysmam Pinheiro<\/em><br \/>\n<\/br><\/p>\n<p><em><strong>(Fonte: Jornal Estado de Minas)<\/strong><\/em><\/p>\n","protected":false},"excerpt":{"rendered":"<p>Os corpos foram enterrados na tarde desta sexta-feira no cemit\u00e9rio de S\u00e3o Sebasti\u00e3o do Maranh\u00e3o, na Regi\u00e3o do Vale do Rio Doce O clima de como\u00e7\u00e3o e tristeza tomou conta de S\u00e3o Sebasti\u00e3o do Maranh\u00e3o, na Regi\u00e3o do Vale do Rio Doce. Os corpos de seis das setes v\u00edtimas do acidente entre uma carreta e [&hellip;]<\/p>\n","protected":false},"author":1,"featured_media":54537,"comment_status":"open","ping_status":"closed","sticky":false,"template":"","format":"standard","meta":{"amp_status":"","footnotes":""},"categories":[121],"tags":[36407,8237,36203,36412,36254,36253,36261,36553,36408,36409,36004,36554,36255,36556,10060,36410,36260,36204,324,36557,36558,36264,36404,36555],"class_list":["post-54536","post","type-post","status-publish","format-standard","has-post-thumbnail","hentry","category-leste","tag-acidente-com-moradores-de-sao-sebastiao-do-maranhao","tag-acidente-na-br-381","tag-adriano-jose-da-silva","tag-amarildo-dias-da-silva","tag-ana-guedes-gomes-dos-santos","tag-ana-rodrigues-carneiro","tag-aparecida-carneiro-morais-costa","tag-clima-de-comocao-e-tristeza-tomou-conta-de-sao-sebastiao-do-maranhao","tag-dejair-coelho-de-souza","tag-ivanildo-alves-shimith","tag-jose-alves-dos-santos","tag-marcielle-teixeira-dos-santos-shimith","tag-maria-aparecida-fonseca-pires","tag-maria-da-penha-teixeira-dos-santos","tag-oliveira","tag-renessa-alves-damasceno","tag-rita-ferreira-de-souza-alves","tag-santa-gertrudes","tag-sao-sebastiao-do-maranhao","tag-sao-sebastiao-do-maranhao-se-une-no-luto","tag-seis-vitimas-de-tragedia-na-br-381-sao-enterradas-em-sao-sebastiao-do-maranhao","tag-tragedia-com-moradores-de-sao-sebastiao-do-maranhao","tag-wakhysmam-soares-pinheiro","tag-yasmim-vitoria-de-souza-shimith"],"_links":{"self":[{"href":"https:\/\/aconteceunovale.com.br\/portal\/index.php?rest_route=\/wp\/v2\/posts\/54536","targetHints":{"allow":["GET"]}}],"collection":[{"href":"https:\/\/aconteceunovale.com.br\/portal\/index.php?rest_route=\/wp\/v2\/posts"}],"about":[{"href":"https:\/\/aconteceunovale.com.br\/portal\/index.php?rest_route=\/wp\/v2\/types\/post"}],"author":[{"embeddable":true,"href":"https:\/\/aconteceunovale.com.br\/portal\/index.php?rest_route=\/wp\/v2\/users\/1"}],"replies":[{"embeddable":true,"href":"https:\/\/aconteceunovale.com.br\/portal\/index.php?rest_route=%2Fwp%2Fv2%2Fcomments&post=54536"}],"version-history":[{"count":0,"href":"https:\/\/aconteceunovale.com.br\/portal\/index.php?rest_route=\/wp\/v2\/posts\/54536\/revisions"}],"wp:featuredmedia":[{"embeddable":true,"href":"https:\/\/aconteceunovale.com.br\/portal\/index.php?rest_route=\/wp\/v2\/media\/54537"}],"wp:attachment":[{"href":"https:\/\/aconteceunovale.com.br\/portal\/index.php?rest_route=%2Fwp%2Fv2%2Fmedia&parent=54536"}],"wp:term":[{"taxonomy":"category","embeddable":true,"href":"https:\/\/aconteceunovale.com.br\/portal\/index.php?rest_route=%2Fwp%2Fv2%2Fcategories&post=54536"},{"taxonomy":"post_tag","embeddable":true,"href":"https:\/\/aconteceunovale.com.br\/portal\/index.php?rest_route=%2Fwp%2Fv2%2Ftags&post=54536"}],"curies":[{"name":"wp","href":"https:\/\/api.w.org\/{rel}","templated":true}]}}