{"id":54534,"date":"2015-03-07T14:13:23","date_gmt":"2015-03-07T17:13:23","guid":{"rendered":"http:\/\/aconteceunovale.com.br\/portal\/?p=54534"},"modified":"2015-03-07T14:13:23","modified_gmt":"2015-03-07T17:13:23","slug":"pai-e-filho-sao-assassinados-a-tiros-no-norte-de-minas-2","status":"publish","type":"post","link":"https:\/\/aconteceunovale.com.br\/portal\/?p=54534","title":{"rendered":"Pai e filho s\u00e3o assassinados a tiros no Norte de Minas"},"content":{"rendered":"<h4><em><strong>Crime aconteceu no munic\u00edpio de Porteirinha. Segundo populares, v\u00edtimas teriam se desentendido com suspeitos por causa de terras.<\/strong><\/em><\/h4>\n<p>A Pol\u00edcia Militar de Porteirinha, no Norte de Minas, est\u00e1 \u00e0 procura de dois homens que invadiram uma casa e executaram pai e filho na noite dessa sexta-feira, 6 de mar\u00e7o. A corpora\u00e7\u00e3o n\u00e3o descarta a possibilidade de vingan\u00e7a, uma vez que todos os envolvidos j\u00e1 haviam discutido em data anterior.<\/p>\n<p>De acordo com o boletim de ocorr\u00eancia da pol\u00edcia, a dupla entrou no im\u00f3vel, localizado na Fazenda Po\u00e7o Grande, na zona rural da cidade, e, sem dizer nada, come\u00e7ou a atirar. Ildo Soares, de 61 anos, e Nildo Soares, de 33, correram, mas foram baleados pelas costas.<\/p>\n<p>As v\u00edtimas chegaram a ser encaminhadas \u00e0 Santa Casa de Porteirinha, mas n\u00e3o resistiram aos ferimentos. Ap\u00f3s o crime, os bandidos n\u00e3o foram mais vistos.<\/p>\n<p>O duplo homic\u00eddio chocou os moradores do munic\u00edpio. Mesmo morando na zona rural, pai e filho eram muito conhecidos na \u00e1rea central. \u201cEles eram pessoas boas, trabalhadoras. Mas o que a gente escuta \u00e9 que o problema foi por causa de terras\u201d, contou um morador da cidade, que pediu para n\u00e3o ter o nome divulgado.<\/p>\n<p>Segundo ele, o idoso e mais seis filhos trabalhavam na fazenda da fam\u00edlia. \u201cNo momento do crime, um outro filho do senhor Ildo conseguiu escapar. Apenas quatro pessoas ficavam na Fazenda Po\u00e7o Grande. O restante da fam\u00edlia mora no centro\u201d, disse o morador.<\/p>\n<p>Apesar de populares afirmarem que o motivo da vingan\u00e7a seria uma briga por terras, a Pol\u00edcia Civil vai investigar outras possibilidades.<\/p>\n<p><strong>Velados na fazenda da fam\u00edlia<\/strong><\/p>\n<p>Os vel\u00f3rios de pai e filho acontecem na manh\u00e3 deste s\u00e1bado (7) na fazenda da fam\u00edlia. V\u00e1rios moradores de Porteirinha acompanham a cerim\u00f4nia. Os corpos devem ser sepultados no fim desta tarde.<\/p>\n<p><img decoding=\"async\" src=\"http:\/\/aconteceunovale.com.br\/portal\/wp-content\/uploads\/2015\/03\/santa_casa_porteirinha.png\" alt=\"\" \/><em>V\u00edtimas foram encaminhadas ao hospital, mas n\u00e3o resistiram &#8211; Foto: Google Street View<\/em><br \/>\n<\/br><\/p>\n<p><em><strong>(Fonte: O Tempo)<\/strong><\/em><\/p>\n","protected":false},"excerpt":{"rendered":"<p>Crime aconteceu no munic\u00edpio de Porteirinha. Segundo populares, v\u00edtimas teriam se desentendido com suspeitos por causa de terras. A Pol\u00edcia Militar de Porteirinha, no Norte de Minas, est\u00e1 \u00e0 procura de dois homens que invadiram uma casa e executaram pai e filho na noite dessa sexta-feira, 6 de mar\u00e7o. A corpora\u00e7\u00e3o n\u00e3o descarta a possibilidade [&hellip;]<\/p>\n","protected":false},"author":1,"featured_media":54532,"comment_status":"open","ping_status":"closed","sticky":false,"template":"","format":"standard","meta":{"amp_status":"","footnotes":""},"categories":[1236],"tags":[36549,36551,36547,36545,36548,36552,36546,36544,36542,36543,36550,1194],"class_list":["post-54534","post","type-post","status-publish","format-standard","has-post-thumbnail","hentry","category-norte_de_minas","tag-assassinato-de-pai-e-filho-em-porteirinha","tag-assassinato-em-poco-grande","tag-duplo-homicidio-em-porteirinha","tag-ildo-soares","tag-morte-de-pai-e-filho-em-porteirinha","tag-morte-em-poco-grande","tag-nildo-soares","tag-pai-e-filho-sao-assassinados-a-tiros-em-porteirinha","tag-pai-e-filho-sao-assassinados-a-tiros-em-porteirinha-no-norte-de-minas","tag-pai-e-filho-sao-assassinados-a-tiros-no-norte-de-minas","tag-poco-grande","tag-porteirinha"],"_links":{"self":[{"href":"https:\/\/aconteceunovale.com.br\/portal\/index.php?rest_route=\/wp\/v2\/posts\/54534","targetHints":{"allow":["GET"]}}],"collection":[{"href":"https:\/\/aconteceunovale.com.br\/portal\/index.php?rest_route=\/wp\/v2\/posts"}],"about":[{"href":"https:\/\/aconteceunovale.com.br\/portal\/index.php?rest_route=\/wp\/v2\/types\/post"}],"author":[{"embeddable":true,"href":"https:\/\/aconteceunovale.com.br\/portal\/index.php?rest_route=\/wp\/v2\/users\/1"}],"replies":[{"embeddable":true,"href":"https:\/\/aconteceunovale.com.br\/portal\/index.php?rest_route=%2Fwp%2Fv2%2Fcomments&post=54534"}],"version-history":[{"count":0,"href":"https:\/\/aconteceunovale.com.br\/portal\/index.php?rest_route=\/wp\/v2\/posts\/54534\/revisions"}],"wp:featuredmedia":[{"embeddable":true,"href":"https:\/\/aconteceunovale.com.br\/portal\/index.php?rest_route=\/wp\/v2\/media\/54532"}],"wp:attachment":[{"href":"https:\/\/aconteceunovale.com.br\/portal\/index.php?rest_route=%2Fwp%2Fv2%2Fmedia&parent=54534"}],"wp:term":[{"taxonomy":"category","embeddable":true,"href":"https:\/\/aconteceunovale.com.br\/portal\/index.php?rest_route=%2Fwp%2Fv2%2Fcategories&post=54534"},{"taxonomy":"post_tag","embeddable":true,"href":"https:\/\/aconteceunovale.com.br\/portal\/index.php?rest_route=%2Fwp%2Fv2%2Ftags&post=54534"}],"curies":[{"name":"wp","href":"https:\/\/api.w.org\/{rel}","templated":true}]}}