{"id":54515,"date":"2015-03-06T23:26:54","date_gmt":"2015-03-07T02:26:54","guid":{"rendered":"http:\/\/aconteceunovale.com.br\/portal\/?p=54515"},"modified":"2015-03-07T12:34:19","modified_gmt":"2015-03-07T15:34:19","slug":"stf-divulga-lista-de-nomes-que-serao-investigados-por-envolvimento-na-lava-jato","status":"publish","type":"post","link":"https:\/\/aconteceunovale.com.br\/portal\/?p=54515","title":{"rendered":"STF divulga lista de nomes que ser\u00e3o investigados por envolvimento na Lava Jato"},"content":{"rendered":"<p>O Supremo Tribunal Federal (STF) divulgou nesta sexta-feira, 6 de mar\u00e7o, a rela\u00e7\u00e3o de nomes que ser\u00e3o investigados por suposto envolvimento no esquema deflagrado pela Opera\u00e7\u00e3o Lava Jato. Na \u00faltima ter\u00e7a-feira, 3, a Procuradoria-Geral da Rep\u00fablica encaminhou ao Tribunal 28 pedidos de abertura de inqu\u00e9rito para investigar 54 pessoas.<\/p>\n<p>A lista inclui parlamentares do PT, PP, PSDB, PMDB e PTB. Dois pol\u00edticos de Minas foram citados: o senador Antonio Anastasia (PSDB) e o deputado Luiz Fernando Faria (PP).<\/p>\n<p>Tamb\u00e9m foram enviados ao STF sete solicita\u00e7\u00f5es de arquivamento, entre eles os senadores A\u00e9cio Neves (PSDB-MG), Delc\u00eddio Amaral (PT-MS) e o ex-deputado federal Henrique Eduardo Alves (PMDB-RN). O material permaneceu em sigilo na Corte at\u00e9 esta sexta-feira. Os nomes foram divulgados por volta das 20h30 pelo gabinete do ministro Teori Zavascki, relator da Lava Jato no STF.<\/p>\n<h4><strong>Confira a lista completa:<\/strong><\/h4>\n<p><strong>PMDB<\/strong><br \/>\n&#8211; Senador Renan Calheiros (AL), presidente do Senado<br \/>\n&#8211; Senador Romero Juc\u00e1 (RR)<br \/>\n&#8211; Senador Edison Lob\u00e3o (MA)<br \/>\n&#8211; Senador Valdir Raupp (RO)<br \/>\n&#8211; Deputado Eduardo Cunha (RJ), presidente da C\u00e2mara<br \/>\n&#8211; Deputado An\u00edbal Gomes (CE)<br \/>\n&#8211; Ex-governadora Roseana Sarney (MA)<\/p>\n<p><strong>PP<\/strong><br \/>\n&#8211; Senador Ciro Nogueira (PI)<br \/>\n&#8211; Senador Benedito de Lira (AL)<br \/>\n&#8211; Senador Gladson Cameli (AC)<br \/>\n&#8211; Deputado Aguinaldo Ribeiro (PB)<br \/>\n&#8211; Deputado Sim\u00e3o Sessim (RJ)<br \/>\n&#8211; Deputado Nelson Meurer (PR)<br \/>\n&#8211; Deputado Eduardo da Fonte (PE)<br \/>\n&#8211; Deputado Luiz Fernando Faria (MG)<br \/>\n&#8211; Deputado Arthur Lira (AL)<br \/>\n&#8211; Deputado Dilceu Sperafico (PR)<br \/>\n&#8211; Deputado Jeronimo Goergen (RS)<br \/>\n&#8211; Deputado Sandes J\u00fanior (GO)<br \/>\n&#8211; Deputado Afonso Hamm (RS)<br \/>\n&#8211; Deputado Mission\u00e1rio Jos\u00e9 Ol\u00edmpio (SP)<br \/>\n&#8211; Deputado L\u00e1zaro Botelho (TO)<br \/>\n&#8211; Deputado Luis Carlos Heinze (RS)<br \/>\n&#8211; Deputado Renato Molling (RS)<br \/>\n&#8211; Deputado Renato Balestra (GO)<br \/>\n&#8211; Deputado L\u00e1zaro Britto (BA)<br \/>\n&#8211; Deputado Waldir Maranh\u00e3o (MA)<br \/>\n&#8211; Deputado Jos\u00e9 Ot\u00e1vio Germano (RS)<br \/>\n&#8211; Ex-deputado e ex-ministro Mario Negromonte (BA)<br \/>\n&#8211; Ex-deputado Jo\u00e3o Pizzolatti (SC)<br \/>\n&#8211; Ex-deputado Pedro Corr\u00eaa (PE)<br \/>\n&#8211; Ex-deputado Roberto Teixeira (PE)<br \/>\n&#8211; Ex-deputada Aline Corr\u00eaa (SP)<br \/>\n&#8211; Ex-deputado Carlos Magno (RO)<br \/>\n&#8211; Ex-deputado e ex-vice governador Jo\u00e3o Le\u00e3o (BA)<br \/>\n&#8211; Ex-deputado Luiz Arg\u00f4lo (BA) (filiado ao Solidariedade desde 2013)<br \/>\n&#8211; Ex-deputado Jos\u00e9 Linhares (CE)<br \/>\n&#8211; Ex-deputado Pedro Henry (MT)<br \/>\n&#8211; Ex-deputado Vilson Covatti (RS)<\/p>\n<p><strong>PT<\/strong><br \/>\n&#8211; Senadora Gleisi Hoffmann (PR)<br \/>\n&#8211; Senador Humberto Costa (PE)<br \/>\n&#8211; Senador Lindbergh Farias (RJ)<br \/>\n&#8211; Deputado Jos\u00e9 Mentor (SP)<br \/>\n&#8211; Deputado Vander Loubet (MS)<br \/>\n&#8211; Ex-deputado C\u00e2ndido Vaccarezza (SP)<\/p>\n<p><strong>PTB<\/strong><br \/>\n&#8211; Senador Fernando Collor (AL)<\/p>\n<p><strong>PSDB<\/strong><br \/>\n&#8211; Senador Ant\u00f4nio Augusto Anastasia (MG)<\/p>\n<p><strong>Arquivados<\/strong><br \/>\n&#8211; Deputado federal Henrique Eduardo Alves (PMDB-RN)<br \/>\n&#8211; Senador Delc\u00eddio Amaral (PT-MS)<br \/>\n&#8211; Alexandre Jos\u00e9 dos Santos (PMDB-RJ)<br \/>\n&#8211; Senador A\u00e9cio Neves (PSDB-MG)<\/p>\n<p><strong>Remessa \u00e0 Justi\u00e7a do Paran\u00e1:<\/strong><br \/>\n&#8211; C\u00e2ndido Vacarezza<br \/>\n&#8211; Ant\u00f4nio Palocci Filho <\/p>\n<p><strong>Remessa de documentos ao STJ:<\/strong><br \/>\n&#8211; Ciro Nogueira Filho<br \/>\n&#8211; Agnaldo Borges Ribeiro<\/p>\n<p><strong>Remessa ao TRF da 1\u00aa Regi\u00e3o:<\/strong><br \/>\n&#8211; Jo\u00e3o Alberto Pizzolatti J\u00fanior<br \/>\n&#8211; Pedro da Silva Correa de Oliveira Andrade Neto<\/p>\n<p><em>(Ag\u00eancia Estado)<\/em><\/p>\n","protected":false},"excerpt":{"rendered":"<p>O Supremo Tribunal Federal (STF) divulgou nesta sexta-feira, 6 de mar\u00e7o, a rela\u00e7\u00e3o de nomes que ser\u00e3o investigados por suposto envolvimento no esquema deflagrado pela Opera\u00e7\u00e3o Lava Jato. Na \u00faltima ter\u00e7a-feira, 3, a Procuradoria-Geral da Rep\u00fablica encaminhou ao Tribunal 28 pedidos de abertura de inqu\u00e9rito para investigar 54 pessoas. A lista inclui parlamentares do PT, [&hellip;]<\/p>\n","protected":false},"author":1,"featured_media":54518,"comment_status":"open","ping_status":"closed","sticky":false,"template":"","format":"standard","meta":{"amp_status":"","footnotes":""},"categories":[6],"tags":[2184,36511,36509,36510,36508,36501,36493,36513,36512,36498,36507,36494,36503,36495,36504,36505,36506,36500,36496,36499,36497,36502,18095,36515,36516,36492,36514],"class_list":["post-54515","post","type-post","status-publish","format-standard","has-post-thumbnail","hentry","category-br","tag-antonio-anastasia","tag-divulgada-a-lista-de-investigados-na-operacao-lavajato","tag-divulgada-a-lista-de-janot","tag-divulgada-a-lista-do-petrolao","tag-investigados-no-petrolao","tag-investigados-operacao-lava-jato","tag-investigados-por-envolvimento-na-lava-jato","tag-janot-divulga-lista-da-operacao-lava-jato","tag-janot-divulga-lista-do-petrolao","tag-lista-de-investigados-lavajato","tag-lista-de-investigados-no-petrolao","tag-lista-de-investigados-por-envolvimento-na-lava-jato","tag-lista-de-janot","tag-lista-do-janot","tag-lista-do-petrolao","tag-lista-do-stf","tag-lista-dos-investigados-na-operacao-lavajato","tag-lista-investigados-lava-jato","tag-lista-janot","tag-lista-lava-jato","tag-lista-lavajato","tag-luiz-fernando-faria","tag-operacao-lava-jato","tag-stf-divulga-lista-da-operacao-lava-jato","tag-stf-divulga-lista-de-janot","tag-stf-divulga-lista-de-nomes-que-serao-investigados-por-envolvimento-na-lava-jato","tag-stf-divulga-lista-do-petrolao"],"_links":{"self":[{"href":"https:\/\/aconteceunovale.com.br\/portal\/index.php?rest_route=\/wp\/v2\/posts\/54515","targetHints":{"allow":["GET"]}}],"collection":[{"href":"https:\/\/aconteceunovale.com.br\/portal\/index.php?rest_route=\/wp\/v2\/posts"}],"about":[{"href":"https:\/\/aconteceunovale.com.br\/portal\/index.php?rest_route=\/wp\/v2\/types\/post"}],"author":[{"embeddable":true,"href":"https:\/\/aconteceunovale.com.br\/portal\/index.php?rest_route=\/wp\/v2\/users\/1"}],"replies":[{"embeddable":true,"href":"https:\/\/aconteceunovale.com.br\/portal\/index.php?rest_route=%2Fwp%2Fv2%2Fcomments&post=54515"}],"version-history":[{"count":0,"href":"https:\/\/aconteceunovale.com.br\/portal\/index.php?rest_route=\/wp\/v2\/posts\/54515\/revisions"}],"wp:featuredmedia":[{"embeddable":true,"href":"https:\/\/aconteceunovale.com.br\/portal\/index.php?rest_route=\/wp\/v2\/media\/54518"}],"wp:attachment":[{"href":"https:\/\/aconteceunovale.com.br\/portal\/index.php?rest_route=%2Fwp%2Fv2%2Fmedia&parent=54515"}],"wp:term":[{"taxonomy":"category","embeddable":true,"href":"https:\/\/aconteceunovale.com.br\/portal\/index.php?rest_route=%2Fwp%2Fv2%2Fcategories&post=54515"},{"taxonomy":"post_tag","embeddable":true,"href":"https:\/\/aconteceunovale.com.br\/portal\/index.php?rest_route=%2Fwp%2Fv2%2Ftags&post=54515"}],"curies":[{"name":"wp","href":"https:\/\/api.w.org\/{rel}","templated":true}]}}