{"id":54485,"date":"2015-03-06T17:42:03","date_gmt":"2015-03-06T20:42:03","guid":{"rendered":"http:\/\/aconteceunovale.com.br\/portal\/?p=54485"},"modified":"2015-03-06T17:42:03","modified_gmt":"2015-03-06T20:42:03","slug":"estado-mantem-superavit-com-aumento-do-volume-de-minerio-de-ferro-exportado","status":"publish","type":"post","link":"https:\/\/aconteceunovale.com.br\/portal\/?p=54485","title":{"rendered":"Estado mant\u00e9m super\u00e1vit com aumento do volume de min\u00e9rio de ferro exportado"},"content":{"rendered":"<h4><em><strong>A balan\u00e7a comercial mineira teve saldo de US$ 984,1 milh\u00f5es em fevereiro; Estado respondeu por 13,8% das exporta\u00e7\u00f5es totais do pa\u00eds<\/strong><\/em><\/h4>\n<p>Principal destaque na balan\u00e7a comercial de fevereiro, o min\u00e9rio de ferro apresentou aumento no valor exportado em rela\u00e7\u00e3o a janeiro. A commodity tamb\u00e9m registrou crescimento em volume de exporta\u00e7\u00e3o. As informa\u00e7\u00f5es sobre o com\u00e9rcio exterior de Minas Gerais foram divulgadas nesta quinta-feira (5\/3), pela Exportaminas &#8211; unidade ligada \u00e0 Secretaria de Estado de Desenvolvimento Econ\u00f4mico (Sede) -, em parceria com a Funda\u00e7\u00e3o Jo\u00e3o Pinheiro (FJP).<\/p>\n<p><img decoding=\"async\" src=\"http:\/\/aconteceunovale.com.br\/portal\/wp-content\/uploads\/2015\/03\/minas-gerais-mantem-superavit-com-aumento-do-volume-de-minerio-de-ferro-exportado.jpg\" alt=\"\" \/><em>Exporta\u00e7\u00e3o do min\u00e9rio de ferro apresentou aumento de 9,9% &#8211; Foto: Divulga\u00e7\u00e3o\/Samarco<\/em><br \/>\n<\/br><\/p>\n<p>Minas Gerais mant\u00e9m o super\u00e1vit em fevereiro, com saldo comercial avaliado em US$ 984,1 milh\u00f5es. As exporta\u00e7\u00f5es totalizaram US$ 1,67 bilh\u00e3o. J\u00e1 as importa\u00e7\u00f5es alcan\u00e7aram o valor de US$ 682,48 milh\u00f5es, com queda de 5,1% em rela\u00e7\u00e3o ao m\u00eas anterior, al\u00e9m de redu\u00e7\u00e3o de 20,1% se comparado ao mesmo m\u00eas de 2014. Com o resultado, Minas Gerais foi respons\u00e1vel por 13,8% das exporta\u00e7\u00f5es e 4,6% das importa\u00e7\u00f5es totais do pa\u00eds no m\u00eas de fevereiro de 2015.<\/p>\n<p>O min\u00e9rio de ferro apresentou aumento de 9,9% do valor total exportado, passando de US$ 489,11 milh\u00f5es em janeiro, para US$ 537,6 milh\u00f5es em fevereiro. Outro dado positivo \u00e9 que o min\u00e9rio de ferro tamb\u00e9m teve aumento no volume comercializado, com crescimento de 7,2% dentro do mesmo per\u00edodo analisado.<\/p>\n<p>A an\u00e1lise mostrou ainda que alguns produtos exportados ajudaram na retra\u00e7\u00e3o das exporta\u00e7\u00f5es mineiras em fevereiro, 13% inferior em rela\u00e7\u00e3o ao m\u00eas anterior. Os itens que puxaram a queda com varia\u00e7\u00e3o negativa foram o caf\u00e9 (-12,7%); ferro-figas (-16,3%); ouro (-27,6%); tubos de ferro (-18,8%), a\u00e7\u00facar (72,0%) e autom\u00f3veis (-29,3%).<\/p>\n<p><strong>Principais mercados de destino<\/strong><\/p>\n<p>Al\u00e9m do super\u00e1vit, Minas Gerais em fevereiro voltou a exportar para destinos como Ucr\u00e2nia, Cabo Verde, Ruanda, Botsuana e mais outros dez pa\u00edses. As exporta\u00e7\u00f5es para o principal parceiro mineiro, a China, tamb\u00e9m tiveram aumento de 6,4%, sendo que somente o min\u00e9rio de ferro registrou alta de 13,1%. Outro item em destaque no com\u00e9rcio bilateral entre Minas e a economia chinesa foi carne de frango, com avan\u00e7o de 144%.<\/p>\n<p>\u201cO min\u00e9rio de ferro continua sendo o principal produto da pauta exportadora mineira, o que demonstra a import\u00e2ncia do setor e da necessidade de diversifica\u00e7\u00e3o da pauta exportadora, com a inclus\u00e3o de produtos de maior valor agregado.  Vemos tamb\u00e9m que outro dado positivo que \u00e9 o Estado vem registrando a entrada de novos mercados de destino para comercio bilateral, a exemplo Ucr\u00e2nia, Cabo Verde, Ruanda, Botsuana, que representam a abertura de novas \u2018janelas de mercado\u2019 na pauta exportadora\u201d, diz o secret\u00e1rio adjunto de Desenvolvimento Econ\u00f4mico, Roberto Bellini.<\/p>\n<p>A Holanda tamb\u00e9m se destacou, passando para o terceiro principal comprador de Minas Gerais, com aumento de 48,7%, equivalente a US$ 86,89 milh\u00f5es em janeiro e US$ 129,22 milh\u00f5es em fevereiro. Esse crescimento tamb\u00e9m foi em fun\u00e7\u00e3o das exporta\u00e7\u00f5es de min\u00e9rio de ferro, com alta de 195%. Em segundo lugar est\u00e1 carne de peru, com avan\u00e7o de 87,2%, e valor exportado de US$ 1,43 milh\u00e3o.<\/p>\n<p><strong>Importa\u00e7\u00f5es<\/strong><\/p>\n<p>As importa\u00e7\u00f5es de Minas Gerais no m\u00eas de fevereiro apresentaram retra\u00e7\u00e3o de 5,1% passando de US$ 719,52 milh\u00f5es em janeiro para US$ 682,48. Essa diminui\u00e7\u00e3o das importa\u00e7\u00f5es se deveu a produtos como adubos e fertilizantes com queda de 19,9%, produtos qu\u00edmicos org\u00e2nicos que recuaram 17,5%; aparelhos m\u00e9dico cir\u00fargico que ca\u00edram 28,3%. (Ag\u00eancia Minas)<\/p>\n","protected":false},"excerpt":{"rendered":"<p>A balan\u00e7a comercial mineira teve saldo de US$ 984,1 milh\u00f5es em fevereiro; Estado respondeu por 13,8% das exporta\u00e7\u00f5es totais do pa\u00eds Principal destaque na balan\u00e7a comercial de fevereiro, o min\u00e9rio de ferro apresentou aumento no valor exportado em rela\u00e7\u00e3o a janeiro. A commodity tamb\u00e9m registrou crescimento em volume de exporta\u00e7\u00e3o. As informa\u00e7\u00f5es sobre o com\u00e9rcio [&hellip;]<\/p>\n","protected":false},"author":1,"featured_media":54486,"comment_status":"open","ping_status":"closed","sticky":false,"template":"","format":"standard","meta":{"amp_status":"","footnotes":""},"categories":[123],"tags":[1018,36428,36427,36431,36433,36432,36429,36430],"class_list":["post-54485","post","type-post","status-publish","format-standard","has-post-thumbnail","hentry","category-gerais","tag-destaque","tag-estado-de-minas-gerais-mantem-superavit-com-aumento-do-volume-de-minerio-de-ferro-exportado","tag-estado-mantem-superavit-com-aumento-do-volume-de-minerio-de-ferro-exportado","tag-minerio-de-ferro-exportado-por-minas-gerais","tag-minerio-de-ferro-produzido-em-minas-gerais","tag-producao-de-minerio-de-ferro-em-minas-gerais","tag-superavit-do-estado-de-minas-gerais","tag-volume-de-minerio-de-ferro-exportado-por-minas-gerais"],"_links":{"self":[{"href":"https:\/\/aconteceunovale.com.br\/portal\/index.php?rest_route=\/wp\/v2\/posts\/54485","targetHints":{"allow":["GET"]}}],"collection":[{"href":"https:\/\/aconteceunovale.com.br\/portal\/index.php?rest_route=\/wp\/v2\/posts"}],"about":[{"href":"https:\/\/aconteceunovale.com.br\/portal\/index.php?rest_route=\/wp\/v2\/types\/post"}],"author":[{"embeddable":true,"href":"https:\/\/aconteceunovale.com.br\/portal\/index.php?rest_route=\/wp\/v2\/users\/1"}],"replies":[{"embeddable":true,"href":"https:\/\/aconteceunovale.com.br\/portal\/index.php?rest_route=%2Fwp%2Fv2%2Fcomments&post=54485"}],"version-history":[{"count":0,"href":"https:\/\/aconteceunovale.com.br\/portal\/index.php?rest_route=\/wp\/v2\/posts\/54485\/revisions"}],"wp:featuredmedia":[{"embeddable":true,"href":"https:\/\/aconteceunovale.com.br\/portal\/index.php?rest_route=\/wp\/v2\/media\/54486"}],"wp:attachment":[{"href":"https:\/\/aconteceunovale.com.br\/portal\/index.php?rest_route=%2Fwp%2Fv2%2Fmedia&parent=54485"}],"wp:term":[{"taxonomy":"category","embeddable":true,"href":"https:\/\/aconteceunovale.com.br\/portal\/index.php?rest_route=%2Fwp%2Fv2%2Fcategories&post=54485"},{"taxonomy":"post_tag","embeddable":true,"href":"https:\/\/aconteceunovale.com.br\/portal\/index.php?rest_route=%2Fwp%2Fv2%2Ftags&post=54485"}],"curies":[{"name":"wp","href":"https:\/\/api.w.org\/{rel}","templated":true}]}}