{"id":54481,"date":"2015-03-06T17:28:44","date_gmt":"2015-03-06T20:28:44","guid":{"rendered":"http:\/\/aconteceunovale.com.br\/portal\/?p=54481"},"modified":"2015-03-06T17:29:43","modified_gmt":"2015-03-06T20:29:43","slug":"mais-de-193-mil-candidatos-farao-as-provas-dos-concursos-da-educacao-no-domingo","status":"publish","type":"post","link":"https:\/\/aconteceunovale.com.br\/portal\/?p=54481","title":{"rendered":"Mais de 193 mil candidatos far\u00e3o as provas dos concursos da Educa\u00e7\u00e3o no pr\u00f3ximo domingo"},"content":{"rendered":"<h4><em><strong>Provas ser\u00e3o aplicadas nos per\u00edodos da manh\u00e3 e da tarde. S\u00e3o ofertadas mais de 17 mil vagas.<\/strong><\/em><\/h4>\n<p>No pr\u00f3ximo domingo (8\/3), ser\u00e3o aplicadas as provas dos concursos p\u00fablicos da\u00a0<a href=\"http:\/\/www.educacao.mg.gov.br\/\" target=\"_blank\">Secretaria de Estado de Educa\u00e7\u00e3o (SEE)<\/a>. Mais de 193 mil candidatos se inscreveram para participar dos concursos que oferecem oportunidades para o preenchimento de vagas nas \u00e1reas do Conservat\u00f3rio de M\u00fasica, Educa\u00e7\u00e3o Especial, Ensino Religioso e atua\u00e7\u00e3o no Ensino Regular, que foi a \u00e1rea com o maior n\u00famero de inscri\u00e7\u00f5es: 175.070 candidatos. Considerando todos os cargos s\u00e3o ofertadas mais de 17 mil vagas para os interessados em ingressarem no servi\u00e7o p\u00fablico mineiro.<\/p>\n<p>As provas ser\u00e3o aplicadas nos per\u00edodos da manh\u00e3 e da tarde. Para as \u00e1reas de atua\u00e7\u00e3o: Anos Iniciais do Ensino Fundamental, Educa\u00e7\u00e3o F\u00edsica, Matem\u00e1tica e Supervis\u00e3o Pedag\u00f3gica, os testes ser\u00e3o aplicados no per\u00edodo da manh\u00e3 e ter\u00e3o in\u00edcio \u00e0s 8h30. J\u00e1 para os candidatos inscritos nas demais \u00e1reas dos concursos as provas ser\u00e3o no per\u00edodo da tarde, a partir das 14h30.<\/p>\n<p><strong>Orienta\u00e7\u00f5es<\/strong><\/p>\n<p>Segundo as orienta\u00e7\u00f5es apresentadas no site do\u00a0<a href=\"http:\/\/www.ibfc.org.br\/\" target=\"_blank\">Instituto Brasileiro de Forma\u00e7\u00e3o e Capacita\u00e7\u00e3o (IBFC)<\/a>, respons\u00e1vel pela realiza\u00e7\u00e3o dos concursos p\u00fablicos, o candidato dever\u00e1 comparecer ao local designado para as provas com anteced\u00eancia m\u00ednima de 60 minutos do fechamento dos port\u00f5es. Somente ser\u00e1 admitido para realizar a prova o candidato que estiver munido de documento original de identidade, de acordo com os editais dos concursos. O IBFC recomenda ainda que o candidato leve apenas o documento original de identidade, caneta azul ou preta e n\u00e3o leve aparelhos eletr\u00f4nicos ou celulares para a realiza\u00e7\u00e3o da prova objetiva.<\/p>\n<p><strong>Cart\u00e3o de convoca\u00e7\u00e3o<\/strong><\/p>\n<p>O cart\u00e3o de convoca\u00e7\u00e3o para as provas objetivas contendo o local, a sala e o hor\u00e1rio de realiza\u00e7\u00e3o dos exames est\u00e1 dispon\u00edvel no endere\u00e7o eletr\u00f4nico<a href=\"http:\/\/www.ibfc.org.br\/\" target=\"_blank\">www.ibfc.org.br<\/a>. Para acess\u00e1-lo, o candidato deve informar o n\u00famero de inscri\u00e7\u00e3o ou o CPF.<\/p>\n<p><strong>D\u00favidas ou Informa\u00e7\u00f5es<\/strong><\/p>\n<p>Mais informa\u00e7\u00f5es podem ser obtidas com o Servi\u00e7o de Atendimento ao Candidato (SAC) do IBFC pelo telefone (11) 4788-1430, de segunda \u00e0 sexta-feira, das 9h \u00e0s 17h (hor\u00e1rio de Bras\u00edlia).<\/p>\n<p><strong>Cancelamento do concurso voltado \u00e0 Educa\u00e7\u00e3o Ind\u00edgena<\/strong><\/p>\n<p>A Secretaria de Estado de Educa\u00e7\u00e3o (SEE) publicou no Di\u00e1rio Oficial dos Poderes do Estado do dia 28 de fevereiro um comunicado cancelando o edital do concurso p\u00fablico Seplag\/SEE n\u00ba07\/2014, voltado \u00e0 Educa\u00e7\u00e3o Ind\u00edgena. O cancelamento do edital atende a uma demanda das lideran\u00e7as ind\u00edgenas, que em reuni\u00e3o realizada no dia 13 de janeiro solicitaram a suspens\u00e3o do concurso alegando que uma discuss\u00e3o com as comunidades ind\u00edgenas deve preceder a cria\u00e7\u00e3o do edital.<\/p>\n<p>Tamb\u00e9m foi parcialmente cancelado o edital Seplag\/ SEE n\u00ba 05\/2014. Segundo o comunicado, foram observadas inconsist\u00eancias nas exig\u00eancias para a sele\u00e7\u00e3o de candidatos para o provimento de cargos da carreira de professor da Educa\u00e7\u00e3o B\u00e1sica, no que se refere ao Atendimento Educacional Especializado (AEE) \u2013 Interprete de Libras, em fun\u00e7\u00e3o de n\u00e3o haver compatibilidade do cargo de professor da profiss\u00e3o de tradutor e int\u00e9rprete de libras.<\/p>\n<p>As informa\u00e7\u00f5es a respeito de devolu\u00e7\u00e3o do valor de inscri\u00e7\u00e3o ser\u00e3o divulgadas at\u00e9 o dia 10 de mar\u00e7o. O candidato deve acompanhar o Di\u00e1rio Oficial dos Poderes do Estado e o site do Instituto Brasileiro de Forma\u00e7\u00e3o e Capacita\u00e7\u00e3o (IBFC), respons\u00e1vel pela realiza\u00e7\u00e3o dos concursos p\u00fablicos, para saber sobre os procedimentos que ser\u00e3o adotados para a requisi\u00e7\u00e3o. (Ag\u00eancia Minas)<\/p>\n","protected":false},"excerpt":{"rendered":"<p>Provas ser\u00e3o aplicadas nos per\u00edodos da manh\u00e3 e da tarde. S\u00e3o ofertadas mais de 17 mil vagas. No pr\u00f3ximo domingo (8\/3), ser\u00e3o aplicadas as provas dos concursos p\u00fablicos da\u00a0Secretaria de Estado de Educa\u00e7\u00e3o (SEE). Mais de 193 mil candidatos se inscreveram para participar dos concursos que oferecem oportunidades para o preenchimento de vagas nas \u00e1reas [&hellip;]<\/p>\n","protected":false},"author":1,"featured_media":54482,"comment_status":"open","ping_status":"closed","sticky":false,"template":"","format":"standard","meta":{"amp_status":"","footnotes":""},"categories":[123],"tags":[36425,700,36424,36423,36426],"class_list":["post-54481","post","type-post","status-publish","format-standard","has-post-thumbnail","hentry","category-gerais","tag-cartao-de-convocacao-do-concurso-da-secretaria-de-educacao-de-minas-gerais","tag-concurso-publico","tag-concursos-publicos-da-secretaria-de-estado-de-educacao-de-minas-gerais","tag-mais-de-193-mil-candidatos-farao-as-provas-dos-concursos-da-educacao-no-domingo","tag-prova-concurso-publico"],"_links":{"self":[{"href":"https:\/\/aconteceunovale.com.br\/portal\/index.php?rest_route=\/wp\/v2\/posts\/54481","targetHints":{"allow":["GET"]}}],"collection":[{"href":"https:\/\/aconteceunovale.com.br\/portal\/index.php?rest_route=\/wp\/v2\/posts"}],"about":[{"href":"https:\/\/aconteceunovale.com.br\/portal\/index.php?rest_route=\/wp\/v2\/types\/post"}],"author":[{"embeddable":true,"href":"https:\/\/aconteceunovale.com.br\/portal\/index.php?rest_route=\/wp\/v2\/users\/1"}],"replies":[{"embeddable":true,"href":"https:\/\/aconteceunovale.com.br\/portal\/index.php?rest_route=%2Fwp%2Fv2%2Fcomments&post=54481"}],"version-history":[{"count":0,"href":"https:\/\/aconteceunovale.com.br\/portal\/index.php?rest_route=\/wp\/v2\/posts\/54481\/revisions"}],"wp:featuredmedia":[{"embeddable":true,"href":"https:\/\/aconteceunovale.com.br\/portal\/index.php?rest_route=\/wp\/v2\/media\/54482"}],"wp:attachment":[{"href":"https:\/\/aconteceunovale.com.br\/portal\/index.php?rest_route=%2Fwp%2Fv2%2Fmedia&parent=54481"}],"wp:term":[{"taxonomy":"category","embeddable":true,"href":"https:\/\/aconteceunovale.com.br\/portal\/index.php?rest_route=%2Fwp%2Fv2%2Fcategories&post=54481"},{"taxonomy":"post_tag","embeddable":true,"href":"https:\/\/aconteceunovale.com.br\/portal\/index.php?rest_route=%2Fwp%2Fv2%2Ftags&post=54481"}],"curies":[{"name":"wp","href":"https:\/\/api.w.org\/{rel}","templated":true}]}}