{"id":54471,"date":"2015-03-06T11:24:49","date_gmt":"2015-03-06T14:24:49","guid":{"rendered":"http:\/\/aconteceunovale.com.br\/portal\/?p=54471"},"modified":"2015-03-06T11:24:49","modified_gmt":"2015-03-06T14:24:49","slug":"empresario-coloca-loja-a-venda-e-diz-que-a-culpa-e-da-presidente-dilma-2","status":"publish","type":"post","link":"https:\/\/aconteceunovale.com.br\/portal\/?p=54471","title":{"rendered":"Empres\u00e1rio coloca loja \u00e0 venda e diz que a culpa \u00e9 da presidente Dilma"},"content":{"rendered":"<h4><em><strong>Faixa foi fixada na avenida Raja Gabaglia e chama aten\u00e7\u00e3o de quem passa pelo local.<\/strong><\/em><\/h4>\n<p>Uma faixa fixada na avenida Raja Gabaglia, na altura do bairro Estoril, na regi\u00e3o Oeste de Belo Horizonte, nessa quinta-feira (5), chama a aten\u00e7\u00e3o de quem passa pela via. Um comerciante colocou \u00e0 venda uma loja do bairro Buritis, na mesma \u00e1rea, e afirmou que o \u201cmotivo\u201d seria a presidente Dilma Rousseff.<\/p>\n<p>O an\u00fancio oferece o espa\u00e7o todo em granito, que tem 70 m\u00b2, vidro blindex, pain\u00e9is de madeira e duas vagas de garagem, por R$ 550 mil. A ideia do protesto \u00e9 do empres\u00e1rio Eduardo Moura, de 44 anos.<\/p>\n<p>\u201cPela alta dos pre\u00e7os e por tudo que o pa\u00eds est\u00e1 passando, no lugar de colocar &#8216;urgente&#8217;, preferi colocar que o motivo \u00e9 a Dilma. Pra mim, ela \u00e9 a culpada da situa\u00e7\u00e3o enfrentada pelo Brasil\u201d, disse.<\/p>\n<p>O homem \u00e9 propriet\u00e1rio de uma imobili\u00e1ria na avenida Professor M\u00e1rio Werneck e vai vender o espa\u00e7o para alugar um outro no mesmo bairro. Por causa da \u201cinova\u00e7\u00e3o\u201d, Moura afirmou que j\u00e1 recebeu muitas liga\u00e7\u00f5es.<\/p>\n<p>\u201cAlguns estavam interessados realmente na compra. J\u00e1 outros ligaram por curiosidade e at\u00e9 mesmo para apoiar a minha iniciativa\u201d, explicou.<\/p>\n<p>Al\u00e9m da faixa, para demonstrar sua insatisfa\u00e7\u00e3o, o empres\u00e1rio e familiares v\u00e3o participar dos movimentos pr\u00f3-impeachment contra a presidente que est\u00e1 marcado para o dia 15 de mar\u00e7o em todo o pa\u00eds.<\/p>\n<p>\u201cA situa\u00e7\u00e3o tem que melhorar. O Brasil n\u00e3o pode continuar desse jeito\u201d, finalizou.<\/p>\n<p><img decoding=\"async\" src=\"http:\/\/aconteceunovale.com.br\/portal\/wp-content\/uploads\/2015\/03\/loja_a_venda.jpg\" alt=\"\" \/><em>Faixa foi colocada na altura do bairro Estoril &#8211; Foto: Reprodu\u00e7\u00e3o \/ O Tempo<\/em><br \/>\n<\/br><\/p>\n<p><em><strong>(Fonte: Jornal O Tempo)<\/strong><\/em><\/p>\n","protected":false},"excerpt":{"rendered":"<p>Faixa foi fixada na avenida Raja Gabaglia e chama aten\u00e7\u00e3o de quem passa pelo local. Uma faixa fixada na avenida Raja Gabaglia, na altura do bairro Estoril, na regi\u00e3o Oeste de Belo Horizonte, nessa quinta-feira (5), chama a aten\u00e7\u00e3o de quem passa pela via. Um comerciante colocou \u00e0 venda uma loja do bairro Buritis, na [&hellip;]<\/p>\n","protected":false},"author":1,"featured_media":54469,"comment_status":"open","ping_status":"closed","sticky":false,"template":"","format":"standard","meta":{"amp_status":"","footnotes":""},"categories":[123],"tags":[36418,36416,36417],"class_list":["post-54471","post","type-post","status-publish","format-standard","has-post-thumbnail","hentry","category-gerais","tag-empresario-coloca-loja-a-venda","tag-empresario-coloca-loja-a-venda-e-diz-que-a-culpa-e-da-presidente-dilma","tag-empresario-de-belo-horizonte-coloca-loja-a-venda-e-diz-que-a-culpa-e-da-presidente-dilma"],"_links":{"self":[{"href":"https:\/\/aconteceunovale.com.br\/portal\/index.php?rest_route=\/wp\/v2\/posts\/54471","targetHints":{"allow":["GET"]}}],"collection":[{"href":"https:\/\/aconteceunovale.com.br\/portal\/index.php?rest_route=\/wp\/v2\/posts"}],"about":[{"href":"https:\/\/aconteceunovale.com.br\/portal\/index.php?rest_route=\/wp\/v2\/types\/post"}],"author":[{"embeddable":true,"href":"https:\/\/aconteceunovale.com.br\/portal\/index.php?rest_route=\/wp\/v2\/users\/1"}],"replies":[{"embeddable":true,"href":"https:\/\/aconteceunovale.com.br\/portal\/index.php?rest_route=%2Fwp%2Fv2%2Fcomments&post=54471"}],"version-history":[{"count":0,"href":"https:\/\/aconteceunovale.com.br\/portal\/index.php?rest_route=\/wp\/v2\/posts\/54471\/revisions"}],"wp:featuredmedia":[{"embeddable":true,"href":"https:\/\/aconteceunovale.com.br\/portal\/index.php?rest_route=\/wp\/v2\/media\/54469"}],"wp:attachment":[{"href":"https:\/\/aconteceunovale.com.br\/portal\/index.php?rest_route=%2Fwp%2Fv2%2Fmedia&parent=54471"}],"wp:term":[{"taxonomy":"category","embeddable":true,"href":"https:\/\/aconteceunovale.com.br\/portal\/index.php?rest_route=%2Fwp%2Fv2%2Fcategories&post=54471"},{"taxonomy":"post_tag","embeddable":true,"href":"https:\/\/aconteceunovale.com.br\/portal\/index.php?rest_route=%2Fwp%2Fv2%2Ftags&post=54471"}],"curies":[{"name":"wp","href":"https:\/\/api.w.org\/{rel}","templated":true}]}}