{"id":54388,"date":"2015-03-05T11:14:40","date_gmt":"2015-03-05T14:14:40","guid":{"rendered":"http:\/\/aconteceunovale.com.br\/portal\/?p=54388"},"modified":"2015-03-06T09:02:54","modified_gmt":"2015-03-06T12:02:54","slug":"acidente-com-van-que-seguia-para-o-vale-do-rio-doce-deixa-sete-mortos-na-br-381","status":"publish","type":"post","link":"https:\/\/aconteceunovale.com.br\/portal\/?p=54388","title":{"rendered":"Acidente com van que seguia para o Vale do Rio Doce deixa sete mortos na BR-381"},"content":{"rendered":"<h4><em><strong>Acidente aconteceu em Oliveira. Segundo a pol\u00edcia, ve\u00edculo carregava cimento invadiu a contram\u00e3o e atingiu a van. Maioria das v\u00edtimas s\u00e3o de S\u00e3o Sebasti\u00e3o do Maranh\u00e3o.<\/strong><\/em><\/h4>\n<p>Sete pessoas morreram em um acidente na madrugada desta quinta-feira, 5 de mar\u00e7o, na BR-381, em Oliveira, na Regi\u00e3o Centro-Oeste de Minas Gerais. Entre os mortos, est\u00e3o seis pessoas que seguiam no ve\u00edculo menor. A maioria das v\u00edtimas era da Regi\u00e3o do Vale do Rio Doce. <\/p>\n<p><img decoding=\"async\" src=\"http:\/\/aconteceunovale.com.br\/portal\/wp-content\/uploads\/2015\/03\/acidente_381_5_3_1.jpg\" alt=\"\" \/><em>Acidente aconteceu na BR-381, no munic\u00edpio de Oliveira &#8211; Foto: Divulga\u00e7\u00e3o\/PRF<\/em><br \/>\n<\/br><\/p>\n<p>Uma carreta carregada com cimento e uma van bateram de frente no km 605. Seis passageiros morreram, assim como o motorista do ve\u00edculo de carga. O condutor da van foi socorrido em estado grav\u00edssimo para Lavras, no Sul de Minas Gerais. De acordo com a Pol\u00edcia Rodovi\u00e1ria Federal (PRF), a carreta seguida no sentido S\u00e3o Paulo, quando atravessou a pista e atingiu a van, com placa de Claraval, que seguia em dire\u00e7\u00e3o a Belo Horizonte. <\/p>\n<p>A pol\u00edcia n\u00e3o sabe que tipo de transporte era realizado, pois o motorista n\u00e3o tinha condi\u00e7\u00f5es de falar no momento do resgate e o ve\u00edculo ficou bastante destru\u00eddo. De acordo com um funcion\u00e1rio da Unidade Regional de Pronto Atendimento (URPA) de Lavras, o motorista est\u00e1 no setor de emerg\u00eancia, consciente, mas em estado de confus\u00e3o. Sem documentos, ele s\u00f3 conseguiu dizer que se chama Adriano Jos\u00e9 da Silva. <\/p>\n<p>O acidente aconteceu por volta das 0h30 e os corpos foram levados para a Funer\u00e1ria Santa Cruz. Jairo Andrade, propriet\u00e1rio do local, explica que a equipe da Pol\u00edcia Rodovi\u00e1ria Federal (PRF) est\u00e1 ajudando a separar os documentos das v\u00edtimas. S\u00e3o cinco mulheres e um homem que estavam na van. Segundo ele, pelas carteiras de identidade, a maioria das v\u00edtimas era da cidade de S\u00e3o Sebasti\u00e3o do Maranh\u00e3o, no Vale do Rio Doce, e podem ser da mesma fam\u00edlia. O motorista da carreta era de Santa Gertrudes (SP). Eles tentam entrar em contato com familiares das v\u00edtimas. Ainda de acordo com Andrade, a per\u00edcia da Pol\u00edcia Civil j\u00e1 esteve no local e liberou os corpos, que devem ser levados ainda hoje para o Instituto M\u00e9dico Legal (IML) de Campo Belo.<\/p>\n<p>A equipe de resgate da Autopista Fern\u00e3o Dias, respons\u00e1vel pelo trecho, participou do resgate com o aux\u00edlio do Corpo de Bombeiros. Segundo a concession\u00e1ria, uma faixa foi interditada no sentido Belo Horizonte, o que deixa o tr\u00e2nsito lento. Os funcion\u00e1rios permanecem no local para providenciar a libera\u00e7\u00e3o e limpeza da pista.<br \/>\n<\/br><\/p>\n<h4><strong>Identifica\u00e7\u00e3o das v\u00edtimas<\/strong><\/h4>\n<p>A Prefeitura de S\u00e3o Sebasti\u00e3o do Maranh\u00e3o, cidade onde moravam seis das sete pessoas que morreram no acidente, trabalha para localizar os parentes das v\u00edtimas. A trag\u00e9dia chocou os moradores do munic\u00edpio do Vale do Rio Doce, que tem cerca de 10 mil habitantes. <\/p>\n<p>At\u00e9 o momento, a prefeitura conseguiu com a pol\u00edcia os nomes de tr\u00eas v\u00edtimas: Ana Rodrigues Carneiro, de 75 anos, Ana Guedes Gomes dos Santos, de 67 anos, e Maria Aparecida Fonseca Pires. O prefeito Aguinaldo Ferreira Bessa mandou buscar os parentes das v\u00edtimas, que vivem na zona rural. Em choque, algumas pessoas precisaram de atendimento m\u00e9dico e foram levadas para a Secretaria Municipal de Sa\u00fade. A ideia \u00e9 de que um familiar de cada v\u00edtima seja levado \u00e0 cidade de Oliveira, na Regi\u00e3o Centro-Oeste de Minas, para fazer o reconhecimento. O Executivo municipal provavelmente tamb\u00e9m deve realizar o traslado dos corpos. <\/p>\n<p>Uma pessoa ligada a familiares de Maria Aparecida Fonseca Pires, v\u00edtima do acidente, disse que os passageiros voltavam de Junda\u00ed, no interior de S\u00e3o Paulo, onde foram visitar parentes. <\/p>\n<p><img decoding=\"async\" src=\"http:\/\/aconteceunovale.com.br\/portal\/wp-content\/uploads\/2015\/03\/acidente_381_5_3_2.jpg\" alt=\"\" \/><em>Acidente aconteceu na BR-381, no munic\u00edpio de Oliveira &#8211; Foto: Divulga\u00e7\u00e3o\/PRF<\/em><br \/>\n<\/br><\/p>\n<p><img decoding=\"async\" src=\"http:\/\/aconteceunovale.com.br\/portal\/wp-content\/uploads\/2015\/03\/acidente_381_5_3_3.jpg\" alt=\"\" \/><em>Acidente aconteceu na BR-381, no munic\u00edpio de Oliveira &#8211; Foto: Divulga\u00e7\u00e3o\/PRF<\/em><br \/>\n<\/br><\/p>\n<p><img decoding=\"async\" src=\"http:\/\/aconteceunovale.com.br\/portal\/wp-content\/uploads\/2015\/03\/acidente_381_5_3_4.jpg\" alt=\"\" \/><em>Acidente aconteceu na BR-381, no munic\u00edpio de Oliveira &#8211; Foto: Divulga\u00e7\u00e3o\/PRF<\/em><br \/>\n<\/br><\/p>\n<p><img decoding=\"async\" src=\"http:\/\/aconteceunovale.com.br\/portal\/wp-content\/uploads\/2015\/03\/acidente_381_5_3_5.jpg\" alt=\"\" \/><em>Acidente aconteceu na BR-381, no munic\u00edpio de Oliveira &#8211; Foto: Divulga\u00e7\u00e3o\/PRF<\/em><br \/>\n<\/br><\/p>\n<p><em><strong>(Fonte: Estado de Minas)<\/strong><\/em><\/p>\n","protected":false},"excerpt":{"rendered":"<p>Acidente aconteceu em Oliveira. Segundo a pol\u00edcia, ve\u00edculo carregava cimento invadiu a contram\u00e3o e atingiu a van. Maioria das v\u00edtimas s\u00e3o de S\u00e3o Sebasti\u00e3o do Maranh\u00e3o. Sete pessoas morreram em um acidente na madrugada desta quinta-feira, 5 de mar\u00e7o, na BR-381, em Oliveira, na Regi\u00e3o Centro-Oeste de Minas Gerais. Entre os mortos, est\u00e3o seis pessoas [&hellip;]<\/p>\n","protected":false},"author":1,"featured_media":54394,"comment_status":"open","ping_status":"closed","sticky":false,"template":"","format":"standard","meta":{"amp_status":"","footnotes":""},"categories":[123],"tags":[36262,30440,30438,36205,36207,36206,36203,36258,36254,36253,36261,36257,36202,1018,36256,36259,207,36255,36210,10060,36260,36204,324,36263,36264,36209,36208],"class_list":["post-54388","post","type-post","status-publish","format-standard","has-post-thumbnail","hentry","category-gerais","tag-acidente-com-familia-de-sao-sebastiao-do-maranhao","tag-acidente-com-pessoas-de-sao-sebastiao-do-maranhao","tag-acidente-com-van-de-sao-sebastiao-do-maranhao","tag-acidente-com-van-que-seguia-para-o-vale-do-rio-doce-deixa-sete-mortos-na-br-381","tag-acidente-com-van-que-seguia-para-sao-sebastiao-do-maranhao","tag-acidente-com-van-que-seguia-para-sao-sebastiao-do-maranhao-deixa-sete-mortos-na-br-381","tag-adriano-jose-da-silva","tag-aguinaldo-ferreira-bessa","tag-ana-guedes-gomes-dos-santos","tag-ana-rodrigues-carneiro","tag-aparecida-carneiro-morais-costa","tag-carreteiro-acidente-oliveira","tag-claraval","tag-destaque","tag-djair-de-souza-coelho","tag-ivanildo-alves-shmith","tag-lavras","tag-maria-aparecida-fonseca-pires","tag-mortos-de-sao-sebastiao-do-maranhao","tag-oliveira","tag-rita-ferreira-de-souza-alves","tag-santa-gertrudes","tag-sao-sebastiao-do-maranhao","tag-tragedia-com-familia-de-sao-sebastiao-do-maranhao","tag-tragedia-com-moradores-de-sao-sebastiao-do-maranhao","tag-vitimas-de-sao-sebastiao-do-maranhao","tag-vitimas-de-sao-sebastiao-do-maranhao-na-381"],"_links":{"self":[{"href":"https:\/\/aconteceunovale.com.br\/portal\/index.php?rest_route=\/wp\/v2\/posts\/54388","targetHints":{"allow":["GET"]}}],"collection":[{"href":"https:\/\/aconteceunovale.com.br\/portal\/index.php?rest_route=\/wp\/v2\/posts"}],"about":[{"href":"https:\/\/aconteceunovale.com.br\/portal\/index.php?rest_route=\/wp\/v2\/types\/post"}],"author":[{"embeddable":true,"href":"https:\/\/aconteceunovale.com.br\/portal\/index.php?rest_route=\/wp\/v2\/users\/1"}],"replies":[{"embeddable":true,"href":"https:\/\/aconteceunovale.com.br\/portal\/index.php?rest_route=%2Fwp%2Fv2%2Fcomments&post=54388"}],"version-history":[{"count":0,"href":"https:\/\/aconteceunovale.com.br\/portal\/index.php?rest_route=\/wp\/v2\/posts\/54388\/revisions"}],"wp:featuredmedia":[{"embeddable":true,"href":"https:\/\/aconteceunovale.com.br\/portal\/index.php?rest_route=\/wp\/v2\/media\/54394"}],"wp:attachment":[{"href":"https:\/\/aconteceunovale.com.br\/portal\/index.php?rest_route=%2Fwp%2Fv2%2Fmedia&parent=54388"}],"wp:term":[{"taxonomy":"category","embeddable":true,"href":"https:\/\/aconteceunovale.com.br\/portal\/index.php?rest_route=%2Fwp%2Fv2%2Fcategories&post=54388"},{"taxonomy":"post_tag","embeddable":true,"href":"https:\/\/aconteceunovale.com.br\/portal\/index.php?rest_route=%2Fwp%2Fv2%2Ftags&post=54388"}],"curies":[{"name":"wp","href":"https:\/\/api.w.org\/{rel}","templated":true}]}}