{"id":54385,"date":"2015-03-05T10:48:54","date_gmt":"2015-03-05T13:48:54","guid":{"rendered":"http:\/\/aconteceunovale.com.br\/portal\/?p=54385"},"modified":"2015-03-05T10:48:54","modified_gmt":"2015-03-05T13:48:54","slug":"moradores-de-capelinha-denunciam-envenenamento-de-animais","status":"publish","type":"post","link":"https:\/\/aconteceunovale.com.br\/portal\/?p=54385","title":{"rendered":"Moradores de Capelinha denunciam envenenamento de animais"},"content":{"rendered":"<h4><strong><em>Tr\u00eas cachorros morreram no intervalo de uma semana na Rua Jos\u00e9 Pimenta. Em um dos casos, um veterin\u00e1rio confirmou o envenenamento.<\/em><\/strong><\/h4>\n<p>Depois de conviver por quatro anos com Baby, a fam\u00edlia da comerciante Evanilde Couto teve que se despedir, for\u00e7adamente, da cadelinha da ra\u00e7a poodle. Baby morreu no \u00faltimo s\u00e1bado, 28 de fevereiro, por envenenamento, segundo confirmou o veterin\u00e1rio Sanderson Delvito Pires, que atendeu o caso. Evanilde, que mora na rua Jos\u00e9 Pimenta de Figueiredo, no Centro de Capelinha, com o marido \u00c9lcio Vieira e o filho Artur, n\u00e3o consegue se conformar com a perda. \u201cFoi um choque para n\u00f3s, ela vivia dentro de casa, era muito querida e nos amava tamb\u00e9m. Tenho um beb\u00ea de nove meses, ele fica procurando por ela. A Baby era muito companheira, quando meu filho chorava, ela chorava tamb\u00e9m, temos v\u00eddeos, fotos dela, \u00e9 muito triste!\u201d, comenta.<\/p>\n<p>Al\u00e9m de Baby, outros dois cachorros morreram envenenados na Jos\u00e9 Pimenta no intervalo de uma semana. Na regi\u00e3o da constru\u00e7\u00e3o de uma quadra escolar, pr\u00f3ximo ao posto de sa\u00fade, h\u00e1 v\u00e1rios casos de cachorros mortos, principalmente c\u00e3es de rua, com sintomas de envenenamento. Os moradores dizem n\u00e3o ter suspeitos do crime, previsto na Lei 9605\/98, a Lei de Crimes Ambientais.<\/p>\n<p><img decoding=\"async\" src=\"http:\/\/aconteceunovale.com.br\/portal\/wp-content\/uploads\/2015\/03\/cachorros_mortos_cap.jpg\" alt=\"\" \/><em>Cadela Baby morreu envenenada na Rua Jos\u00e9 Pimenta \u2013 Foto: Divulga\u00e7\u00e3o\/APCC<\/em><br \/>\n<\/br><\/p>\n<p>O garoto Matheus F\u00e9lix, de 10 anos, que mora ao lado da quadra, se diz compadecido com o triste fim dos animais: \u201c\u00c9 uma pena, n\u00e3o sei pra qu\u00ea matar os bichinhos. Eu sempre vejo cachorros mortos aqui perto de casa\u201d, salienta. O amigo de Matheus, Farley Junio, tamb\u00e9m de 10 anos, foi um dos primeiros a encontrar um cachorro envenenado na rua Pirapora, atr\u00e1s da quadra. \u201cEle estava dentro de um saco pl\u00e1stico, com a cabe\u00e7a sangrando, embaixo de uma \u00e1rvore na porta da minha casa\u201d, comenta.<\/p>\n<p><strong>Como saber se seu c\u00e3o est\u00e1 envenenado<\/strong><\/p>\n<p>Os pr\u00f3prios donos de animais podem perceber os primeiros sintomas de que seu cachorro foi envenenado. Valmir Cordeiro, dono de um pet shop na rua Doutor Hermelindo, em Capelinha, cita os principais sinais de envenenamento: \u201cO animal come\u00e7a a ficar tr\u00eamulo, com a coordena\u00e7\u00e3o motora  ruim, ele baba, fica salivando, o coc\u00f4 fica meio mole, com \u00e1gua. A pele fica tremendo, j\u00e1 \u00e9 o veneno agindo na corrente sangu\u00ednea\u201d. A primeira provid\u00eancia \u00e9 entrar em contato com um veterin\u00e1rio. <\/p>\n<p><strong>Popula\u00e7\u00e3o deve denunciar maus tratos<\/strong><\/p>\n<p>Casos de envenenamento de animais, como os ocorridos na rua Jos\u00e9 Pimenta, no centro de Capelinha, s\u00e3o comuns na cidade. A Associa\u00e7\u00e3o de Prote\u00e7\u00e3o aos C\u00e3es de Capelinha (APCC), criada recentemente, convoca os capelinhenses a denunciar maus tratos a cachorros, gatos e todo o tipo de animal. \u201cN\u00f3s, cidad\u00e3os, temos que fazer nossa parte, n\u00e3o podemos ignorar se tem um animal mal tratado, machucado, sendo morto. Quem preferir pode nos ligar, que n\u00f3s mesmos fazemos a den\u00fancia\u201d, ressalta Elaine Vieira, presidente da APCC. <\/p>\n<p>Integrantes da Associa\u00e7\u00e3o se reuniram, nos \u00faltimos dias, com o promotor de Justi\u00e7a, Cristiano Moreira Silva, e o major Nilzo Figueiredo, comandante da 23\u00aa Companhia de Pol\u00edcia Militar, que tem sede em Capelinha. Os representantes dos \u00f3rg\u00e3os de seguran\u00e7a p\u00fablica se mostraram solid\u00e1rios \u00e0 causa da APCC. \u201cO promotor enfatizou a import\u00e2ncia da pr\u00f3pria sociedade se unir em prol dos animais, e o major da PM passou \u00e0 tropa a orienta\u00e7\u00e3o de atender prontamente \u00e0s den\u00fancias feitas pela comunidade\u201d, ressalta Elaine.  <\/p>\n<p>Para saber mais sobre a APCC, os telefones de contato s\u00e3o (33) 9105-7157, 9115-1899 e (31) 8824-8275 (Tim). A entidade realiza campanhas de ado\u00e7\u00e3o animal e em breve divulgar\u00e1 a data de sua pr\u00f3xima reuni\u00e3o. <\/p>\n<p><strong>Saiba o que a Lei Brasileira considera maus tratos<\/strong><\/p>\n<p>A Lei 9605\/98 do C\u00f3digo Penal Brasileiro, conhecida por Lei de Crimes Ambientais, entende por maus tratos as seguintes pr\u00e1ticas:<\/p>\n<p>&#8211; Abandonar, espancar, golpear, mutilar e envenenar<br \/>\n&#8211; Manter preso permanentemente em correntes<br \/>\n&#8211; Manter em locais pequenos e anti-higi\u00eanicos<br \/>\n&#8211; N\u00e3o abrigar do sol, da chuva e do frio<br \/>\n&#8211; Deixar sem ventila\u00e7\u00e3o ou luz solar<br \/>\n&#8211; N\u00e3o dar \u00e1gua e comida diariamente<br \/>\n&#8211; Negar assist\u00eancia veterin\u00e1ria ao animal doente ou ferido<br \/>\n&#8211; Obrigar a trabalho excessivo ou superior a sua for\u00e7a<br \/>\n&#8211; Capturar animais silvestres<br \/>\n&#8211; Utilizar animal em shows que possam lhe causar p\u00e2nico ou estresse<br \/>\n&#8211; Promover viol\u00eancia como rinhas de galo, farra-do-boi, etc.<\/p>\n<p><strong><em>(Por Rosa Santos \/ Divulga\u00e7\u00e3o APCC)<\/em><\/strong><\/p>\n","protected":false},"excerpt":{"rendered":"<p>Tr\u00eas cachorros morreram no intervalo de uma semana na Rua Jos\u00e9 Pimenta. Em um dos casos, um veterin\u00e1rio confirmou o envenenamento. Depois de conviver por quatro anos com Baby, a fam\u00edlia da comerciante Evanilde Couto teve que se despedir, for\u00e7adamente, da cadelinha da ra\u00e7a poodle. Baby morreu no \u00faltimo s\u00e1bado, 28 de fevereiro, por envenenamento, [&hellip;]<\/p>\n","protected":false},"author":1,"featured_media":54386,"comment_status":"open","ping_status":"closed","sticky":false,"template":"","format":"standard","meta":{"amp_status":"","footnotes":""},"categories":[120],"tags":[36196,36195,36193,132,36197,36191,36199,36200,36198,36194,36201,36192],"class_list":["post-54385","post","type-post","status-publish","format-standard","has-post-thumbnail","hentry","category-jequi","tag-apcc","tag-associacao-de-protecao-aos-caes-de-capelinha","tag-cachorros-envenenados-em-capelinha","tag-capelinha","tag-cristiano-moreira-silva","tag-evanilde-couto","tag-lei-960598-do-codigo-penal-brasileiro","tag-lei-de-crimes-ambientais","tag-major-nilzo-figueiredo","tag-matanca-de-cachorros-envenenados-em-capelinha","tag-moradores-de-capelinha-denunciam-envenenamento-de-animais","tag-sanderson-delvito-pires"],"_links":{"self":[{"href":"https:\/\/aconteceunovale.com.br\/portal\/index.php?rest_route=\/wp\/v2\/posts\/54385","targetHints":{"allow":["GET"]}}],"collection":[{"href":"https:\/\/aconteceunovale.com.br\/portal\/index.php?rest_route=\/wp\/v2\/posts"}],"about":[{"href":"https:\/\/aconteceunovale.com.br\/portal\/index.php?rest_route=\/wp\/v2\/types\/post"}],"author":[{"embeddable":true,"href":"https:\/\/aconteceunovale.com.br\/portal\/index.php?rest_route=\/wp\/v2\/users\/1"}],"replies":[{"embeddable":true,"href":"https:\/\/aconteceunovale.com.br\/portal\/index.php?rest_route=%2Fwp%2Fv2%2Fcomments&post=54385"}],"version-history":[{"count":0,"href":"https:\/\/aconteceunovale.com.br\/portal\/index.php?rest_route=\/wp\/v2\/posts\/54385\/revisions"}],"wp:featuredmedia":[{"embeddable":true,"href":"https:\/\/aconteceunovale.com.br\/portal\/index.php?rest_route=\/wp\/v2\/media\/54386"}],"wp:attachment":[{"href":"https:\/\/aconteceunovale.com.br\/portal\/index.php?rest_route=%2Fwp%2Fv2%2Fmedia&parent=54385"}],"wp:term":[{"taxonomy":"category","embeddable":true,"href":"https:\/\/aconteceunovale.com.br\/portal\/index.php?rest_route=%2Fwp%2Fv2%2Fcategories&post=54385"},{"taxonomy":"post_tag","embeddable":true,"href":"https:\/\/aconteceunovale.com.br\/portal\/index.php?rest_route=%2Fwp%2Fv2%2Ftags&post=54385"}],"curies":[{"name":"wp","href":"https:\/\/api.w.org\/{rel}","templated":true}]}}