{"id":54383,"date":"2015-03-05T10:32:15","date_gmt":"2015-03-05T13:32:15","guid":{"rendered":"http:\/\/aconteceunovale.com.br\/portal\/?p=54383"},"modified":"2015-03-05T10:32:15","modified_gmt":"2015-03-05T13:32:15","slug":"plantao-do-samu-no-norte-de-minas-gerais-04-de-marco-de-2015","status":"publish","type":"post","link":"https:\/\/aconteceunovale.com.br\/portal\/?p=54383","title":{"rendered":"Plant\u00e3o do Samu no Norte de Minas Gerais &#8211; 04 de mar\u00e7o de 2015"},"content":{"rendered":"<h4><em><strong>Quarta-feira, 04 de mar\u00e7o de 2015.<\/strong><\/em><\/h4>\n<p>A unidade do SAMU de Montes Claros realizou na quarta-feira, 04\/03, 37 atendimentos, sendo 31 casos cl\u00ednicos e 6 ocorr\u00eancias de acidente de tr\u00e2nsito, todos envolvendo motocicleta.<\/p>\n<p>\u00c0s 18h20, a unidade do Samu foi acionada para atendimento a um homem de 47 anos que ficou ferido em um acidente envolvendo duas motocicletas, ocorrido na Avenida Cula Mangabeira, no bairro Santo Expedito. Ele conduzia uma das motos e sofreu escoria\u00e7\u00f5es na m\u00e3o e no joelho direito e se queixava de dor no t\u00f3rax e regi\u00e3o lombar.<\/p>\n<p>\u00c0s 17h57, a unidade do Samu foi acionada para atendimento a um homem de 26 anos que colidiu de moto contra um trator na Avenida das Am\u00e9ricas, bairro Major Prates. Ele conduzia a moto e se queixava de dor intensa na perna esquerda, pelve e dorso.<\/p>\n<p>\u00c0s 13h, um homem de 21 anos caiu de moto na Sidney Chaves, bairro Cidade Industrial, e se queixava de dor no joelho direito, apresentando escoria\u00e7\u00f5es no local.<\/p>\n<p>\u00c0s 16h20, um homem de 25 anos colidiu de moto contra outra moto no cruzamento entre as ruas Igua\u00e7u e Capelinha, bairro Sumar\u00e9. Ele estava consciente e orientado, apresentava escoria\u00e7\u00f5es e dor na perna esquerda e bra\u00e7o direito.<\/p>\n<p>\u00c0s 12h05, a unidade do Samu foi acionada para atendimento a um homem de 42 anos que colidiu de moto contra um carro na Rua Bar\u00e3o da Cotegipe, bairro Santa Rita II. Ele conduzia a moto e se queixava de dor intensa na clav\u00edcula esquerda, tornozelo e na face.<\/p>\n<p>\u00c0s 11h06, a unidade do Samu foi acionada para atendimento a um homem de 25 anos que colidiu de moto contra um carro na Avenida Afonso Pena, regi\u00e3o central de Montes Claros. Ele conduzia a moto e apresentava escoria\u00e7\u00f5es na m\u00e3o esquerda.<\/p>\n<p>Em todas as ocorr\u00eancias os feridos receberam os primeiros atendimentos no local e foram encaminhados ao hospital para avalia\u00e7\u00e3o.<\/p>\n","protected":false},"excerpt":{"rendered":"<p>Quarta-feira, 04 de mar\u00e7o de 2015. A unidade do SAMU de Montes Claros realizou na quarta-feira, 04\/03, 37 atendimentos, sendo 31 casos cl\u00ednicos e 6 ocorr\u00eancias de acidente de tr\u00e2nsito, todos envolvendo motocicleta. \u00c0s 18h20, a unidade do Samu foi acionada para atendimento a um homem de 47 anos que ficou ferido em um acidente [&hellip;]<\/p>\n","protected":false},"author":1,"featured_media":46383,"comment_status":"open","ping_status":"closed","sticky":false,"template":"","format":"standard","meta":{"amp_status":"","footnotes":""},"categories":[1236],"tags":[210,24659,24089,18898,18108,36190,18629,21139,4040],"class_list":["post-54383","post","type-post","status-publish","format-standard","has-post-thumbnail","hentry","category-norte_de_minas","tag-montes-claros","tag-plantao-do-samu-de-montes-claros","tag-plantao-do-samu-do-norte-de-minas","tag-plantao-do-samu-macro-norte","tag-plantao-do-samu-no-norte-de-minas-gerais","tag-plantao-do-samu-no-norte-de-minas-gerais-04-de-marco-de-2015","tag-samu-de-montes-claros","tag-samu-do-norte-de-minas","tag-samu-macro-norte"],"_links":{"self":[{"href":"https:\/\/aconteceunovale.com.br\/portal\/index.php?rest_route=\/wp\/v2\/posts\/54383","targetHints":{"allow":["GET"]}}],"collection":[{"href":"https:\/\/aconteceunovale.com.br\/portal\/index.php?rest_route=\/wp\/v2\/posts"}],"about":[{"href":"https:\/\/aconteceunovale.com.br\/portal\/index.php?rest_route=\/wp\/v2\/types\/post"}],"author":[{"embeddable":true,"href":"https:\/\/aconteceunovale.com.br\/portal\/index.php?rest_route=\/wp\/v2\/users\/1"}],"replies":[{"embeddable":true,"href":"https:\/\/aconteceunovale.com.br\/portal\/index.php?rest_route=%2Fwp%2Fv2%2Fcomments&post=54383"}],"version-history":[{"count":0,"href":"https:\/\/aconteceunovale.com.br\/portal\/index.php?rest_route=\/wp\/v2\/posts\/54383\/revisions"}],"wp:featuredmedia":[{"embeddable":true,"href":"https:\/\/aconteceunovale.com.br\/portal\/index.php?rest_route=\/wp\/v2\/media\/46383"}],"wp:attachment":[{"href":"https:\/\/aconteceunovale.com.br\/portal\/index.php?rest_route=%2Fwp%2Fv2%2Fmedia&parent=54383"}],"wp:term":[{"taxonomy":"category","embeddable":true,"href":"https:\/\/aconteceunovale.com.br\/portal\/index.php?rest_route=%2Fwp%2Fv2%2Fcategories&post=54383"},{"taxonomy":"post_tag","embeddable":true,"href":"https:\/\/aconteceunovale.com.br\/portal\/index.php?rest_route=%2Fwp%2Fv2%2Ftags&post=54383"}],"curies":[{"name":"wp","href":"https:\/\/api.w.org\/{rel}","templated":true}]}}