{"id":54378,"date":"2015-03-05T10:17:47","date_gmt":"2015-03-05T13:17:47","guid":{"rendered":"http:\/\/aconteceunovale.com.br\/portal\/?p=54378"},"modified":"2015-03-05T10:17:47","modified_gmt":"2015-03-05T13:17:47","slug":"previsao-do-tempo-para-minas-gerais-nesta-quinta-feira-5-de-marco","status":"publish","type":"post","link":"https:\/\/aconteceunovale.com.br\/portal\/?p=54378","title":{"rendered":"Previs\u00e3o do tempo para Minas Gerais nesta quinta-feira, 5 de mar\u00e7o"},"content":{"rendered":"<h4><em><strong>Tempo inst\u00e1vel, com possibilidade de chuvas, em boa parte do Estado<\/strong><\/em><\/h4>\n<p>Nesta quinta-feira (5\/5), o calor e a alta umidade do ar contribuem para ocorr\u00eancia de chuvas t\u00edpicas de ver\u00e3o sobre parte do Sudeste do pa\u00eds. No Estado de Minas Gerais, o tempo deve ficar parcialmente nublado a nublado, com pancadas de chuva isoladas no  Noroeste e Tri\u00e2ngulo Mineiro. Nas demais regi\u00f5es do Estado, o tempo deve ficar ensolarado a parcialmente nublado, com chuvas t\u00edpicas de ver\u00e3o.<\/p>\n<p>Na Regi\u00e3o Metropolitana de Belo Horizonte, o tempo deve ficar inst\u00e1vel, com chuva, a partir da tarde. Hoje, na capital mineira a temperatura m\u00ednima registrada foi de 16\u00b0C e a m\u00e1xima deve ficar na casa dos 29\u00b0C.<\/p>\n","protected":false},"excerpt":{"rendered":"<p>Tempo inst\u00e1vel, com possibilidade de chuvas, em boa parte do Estado Nesta quinta-feira (5\/5), o calor e a alta umidade do ar contribuem para ocorr\u00eancia de chuvas t\u00edpicas de ver\u00e3o sobre parte do Sudeste do pa\u00eds. No Estado de Minas Gerais, o tempo deve ficar parcialmente nublado a nublado, com pancadas de chuva isoladas no [&hellip;]<\/p>\n","protected":false},"author":1,"featured_media":51728,"comment_status":"open","ping_status":"closed","sticky":false,"template":"","format":"standard","meta":{"amp_status":"","footnotes":""},"categories":[123],"tags":[36181,1956,1839,29257,36182],"class_list":["post-54378","post","type-post","status-publish","format-standard","has-post-thumbnail","hentry","category-gerais","tag-5-de-marco","tag-previsao-do-tempo","tag-previsao-do-tempo-para-minas-gerais","tag-previsao-do-tempo-para-minas-gerais-nesta-quinta-feira","tag-previsao-do-tempo-para-minas-gerais-nesta-quinta-feira-5-de-marco"],"_links":{"self":[{"href":"https:\/\/aconteceunovale.com.br\/portal\/index.php?rest_route=\/wp\/v2\/posts\/54378","targetHints":{"allow":["GET"]}}],"collection":[{"href":"https:\/\/aconteceunovale.com.br\/portal\/index.php?rest_route=\/wp\/v2\/posts"}],"about":[{"href":"https:\/\/aconteceunovale.com.br\/portal\/index.php?rest_route=\/wp\/v2\/types\/post"}],"author":[{"embeddable":true,"href":"https:\/\/aconteceunovale.com.br\/portal\/index.php?rest_route=\/wp\/v2\/users\/1"}],"replies":[{"embeddable":true,"href":"https:\/\/aconteceunovale.com.br\/portal\/index.php?rest_route=%2Fwp%2Fv2%2Fcomments&post=54378"}],"version-history":[{"count":0,"href":"https:\/\/aconteceunovale.com.br\/portal\/index.php?rest_route=\/wp\/v2\/posts\/54378\/revisions"}],"wp:featuredmedia":[{"embeddable":true,"href":"https:\/\/aconteceunovale.com.br\/portal\/index.php?rest_route=\/wp\/v2\/media\/51728"}],"wp:attachment":[{"href":"https:\/\/aconteceunovale.com.br\/portal\/index.php?rest_route=%2Fwp%2Fv2%2Fmedia&parent=54378"}],"wp:term":[{"taxonomy":"category","embeddable":true,"href":"https:\/\/aconteceunovale.com.br\/portal\/index.php?rest_route=%2Fwp%2Fv2%2Fcategories&post=54378"},{"taxonomy":"post_tag","embeddable":true,"href":"https:\/\/aconteceunovale.com.br\/portal\/index.php?rest_route=%2Fwp%2Fv2%2Ftags&post=54378"}],"curies":[{"name":"wp","href":"https:\/\/api.w.org\/{rel}","templated":true}]}}