{"id":54361,"date":"2015-03-04T19:57:56","date_gmt":"2015-03-04T22:57:56","guid":{"rendered":"http:\/\/aconteceunovale.com.br\/portal\/?p=54361"},"modified":"2015-03-04T19:57:57","modified_gmt":"2015-03-04T22:57:57","slug":"inicio-das-aulas-do-pronatec-e-adiado-para-17-de-junho","status":"publish","type":"post","link":"https:\/\/aconteceunovale.com.br\/portal\/?p=54361","title":{"rendered":"In\u00edcio das aulas do Pronatec \u00e9 adiado para 17 de junho"},"content":{"rendered":"<p>O in\u00edcio das aulas do Programa Nacional de Acesso ao Ensino T\u00e9cnico e Emprego (Pronatec) foi adiado de 17 maio para 17 de junho. Criado em 2011 pelo governo federal, o Pronatec concede bolsas de estudos para alunos de cursos t\u00e9cnicos.<\/p>\n<p>Com a mudan\u00e7a, fica atrasada tamb\u00e9m a divulga\u00e7\u00e3o de quantas vagas as institui\u00e7\u00f5es de ensino privado conseguiram no programa. Em nota, o Minist\u00e9rio da Educa\u00e7\u00e3o (MEC), informou que aguarda aprova\u00e7\u00e3o or\u00e7ament\u00e1ria e haver\u00e1 oferta de vagas ainda este semestre. O minist\u00e9rio informa ainda que est\u00e1 finalizando a pactua\u00e7\u00e3o de vagas com os ofertantes e, em breve, divulgar\u00e1 mais informa\u00e7\u00f5es.<\/p>\n<p>Em fevereiro, o MEC divulgou que foram liberados R$ 119 milh\u00f5es para regularizar o atraso no pagamento de mensalidades de 2014 do Pronatec para institui\u00e7\u00f5es privadas. Na ocasi\u00e3o, o minist\u00e9rio disse que a libera\u00e7\u00e3o de repasses de 2015 est\u00e1 dentro do previsto. (Ag\u00eancia Brasil)<\/p>\n","protected":false},"excerpt":{"rendered":"<p>O in\u00edcio das aulas do Programa Nacional de Acesso ao Ensino T\u00e9cnico e Emprego (Pronatec) foi adiado de 17 maio para 17 de junho. Criado em 2011 pelo governo federal, o Pronatec concede bolsas de estudos para alunos de cursos t\u00e9cnicos. Com a mudan\u00e7a, fica atrasada tamb\u00e9m a divulga\u00e7\u00e3o de quantas vagas as institui\u00e7\u00f5es de [&hellip;]<\/p>\n","protected":false},"author":1,"featured_media":21657,"comment_status":"open","ping_status":"closed","sticky":false,"template":"","format":"standard","meta":{"amp_status":"","footnotes":""},"categories":[6],"tags":[36145,36143,36142,1168,36144,1296,36146],"class_list":["post-54361","post","type-post","status-publish","format-standard","has-post-thumbnail","hentry","category-br","tag-cursos-tecnicos","tag-inicio-das-aulas-do-programa-nacional-de-acesso-ao-ensino-tecnico-e-emprego","tag-inicio-das-aulas-do-pronatec-e-adiado-para-17-de-junho","tag-mec","tag-programa-nacional-de-acesso-ao-ensino-tecnico-e-emprego","tag-pronatec","tag-pronatec-concede-bolsas-de-estudos-para-alunos-de-cursos-tecnicos"],"_links":{"self":[{"href":"https:\/\/aconteceunovale.com.br\/portal\/index.php?rest_route=\/wp\/v2\/posts\/54361","targetHints":{"allow":["GET"]}}],"collection":[{"href":"https:\/\/aconteceunovale.com.br\/portal\/index.php?rest_route=\/wp\/v2\/posts"}],"about":[{"href":"https:\/\/aconteceunovale.com.br\/portal\/index.php?rest_route=\/wp\/v2\/types\/post"}],"author":[{"embeddable":true,"href":"https:\/\/aconteceunovale.com.br\/portal\/index.php?rest_route=\/wp\/v2\/users\/1"}],"replies":[{"embeddable":true,"href":"https:\/\/aconteceunovale.com.br\/portal\/index.php?rest_route=%2Fwp%2Fv2%2Fcomments&post=54361"}],"version-history":[{"count":0,"href":"https:\/\/aconteceunovale.com.br\/portal\/index.php?rest_route=\/wp\/v2\/posts\/54361\/revisions"}],"wp:featuredmedia":[{"embeddable":true,"href":"https:\/\/aconteceunovale.com.br\/portal\/index.php?rest_route=\/wp\/v2\/media\/21657"}],"wp:attachment":[{"href":"https:\/\/aconteceunovale.com.br\/portal\/index.php?rest_route=%2Fwp%2Fv2%2Fmedia&parent=54361"}],"wp:term":[{"taxonomy":"category","embeddable":true,"href":"https:\/\/aconteceunovale.com.br\/portal\/index.php?rest_route=%2Fwp%2Fv2%2Fcategories&post=54361"},{"taxonomy":"post_tag","embeddable":true,"href":"https:\/\/aconteceunovale.com.br\/portal\/index.php?rest_route=%2Fwp%2Fv2%2Ftags&post=54361"}],"curies":[{"name":"wp","href":"https:\/\/api.w.org\/{rel}","templated":true}]}}