{"id":54342,"date":"2015-03-04T11:25:14","date_gmt":"2015-03-04T14:25:14","guid":{"rendered":"http:\/\/aconteceunovale.com.br\/portal\/?p=54342"},"modified":"2015-03-04T11:25:14","modified_gmt":"2015-03-04T14:25:14","slug":"mais-de-130-mil-agricultores-familiares-mineiros-ja-foram-beneficiados-pelo-pronaf-na-safra-2015","status":"publish","type":"post","link":"https:\/\/aconteceunovale.com.br\/portal\/?p=54342","title":{"rendered":"Mais de 130 mil agricultores familiares mineiros j\u00e1 foram beneficiados pelo Pronaf na safra 2015"},"content":{"rendered":"<h4><em><strong>Emater-MG desempenha importante papel para que o produtor tenha acesso ao benef\u00edcio<\/strong><\/em><\/h4>\n<p>O cr\u00e9dito rural \u00e9 um dos principais benef\u00edcios de que o agricultor disp\u00f5e para viabilizar a sua produ\u00e7\u00e3o. Em muitos casos o financiamento \u00e9 uma das \u00fanicas alternativas para o produtor manter ou ampliar sua atividade. Em Minas Gerais, at\u00e9 janeiro deste ano, foram efetivados 137 mil contratos pelo Pronaf (Programa Nacional de Fortalecimento da Agricultura Familiar) referentes ao ano agr\u00edcola 2014\/2015. Para receber o benef\u00edcio, os produtores mineiros contam com o aux\u00edlio da Empresa de Assist\u00eancia T\u00e9cnica e Extens\u00e3o Rural de Minas Gerais (Emater-MG). A Empresa oferece todo o suporte como, por exemplo, elabora\u00e7\u00e3o de projeto t\u00e9cnico necess\u00e1rio para a libera\u00e7\u00e3o dos recursos.<\/p>\n<p>O valor contratado pelos agricultores familiares de Minas Gerais nos sete primeiros meses da safra 2015 \u00e9 de R$ 2.005.242.669,25. Isso representa 137 mil contratos assinados. N\u00famero superior ao mesmo per\u00edodo da safra anterior, que foi de 132.107 contratos, totalizando R$ 1.583.751.772,22.<\/p>\n<p><img decoding=\"async\" src=\"http:\/\/aconteceunovale.com.br\/portal\/wp-content\/uploads\/2015\/03\/mais-de-130-mil-agricultores-familiares-mineiros-ja-foram-beneficiados-pelo-pronaf-na-safra-2015.jpg\" alt=\"\" \/><em>Propriedade da pecuarista Delibe Cordeiro de Menezes: produ\u00e7\u00e3o multiplicada por 5 ap\u00f3s financiamento e orienta\u00e7\u00e3o t\u00e9cnica &#8211; Foto: Delibe Menezes\/Divulga\u00e7\u00e3o Ag\u00eancia Minas<\/em><br \/>\n<\/br><\/p>\n<p>O Pronaf disponibiliza tr\u00eas modalidades de cr\u00e9dito: custeio, investimento e comercializa\u00e7\u00e3o. De acordo com o Banco Central, na safra 2014\/2015, os agricultores mineiros aplicaram R$ 1.210.980.249,35 em opera\u00e7\u00f5es de investimento e R$ 794.261.419,90 foram para custeio. O valor m\u00e9dio de custeio foi de R$ 16.838,99 e o valor m\u00e9dio de contratos de investimento foi de R$ 13.480,21.<\/p>\n<p>Segundo o coordenador t\u00e9cnico estadual de Cr\u00e9dito Rural da Emater-MG, Marcos Meokarem, o Pronaf \u201c\u00e9 uma ferramenta que permite ao agricultor expandir a sua atividade com condi\u00e7\u00f5es de prazo, juros e car\u00eancia que n\u00e3o se encontram no mercado. Quando aplicado e acompanhado de assist\u00eancia t\u00e9cnica, o agricultor n\u00e3o tem dificuldades para saldar sua obriga\u00e7\u00f5es\u201d.<\/p>\n<p>O agricultor familiar pode financiar at\u00e9 R$ 200 mil para custeio e R$ 300 mil para investimento. O prazo de pagamento e car\u00eancia podem variar de acordo com a linha de cr\u00e9dito. Os juros oscilam entre 0,5% e 4% ao ano.<\/p>\n<p><strong>Orienta\u00e7\u00e3o t\u00e9cnica<\/strong><\/p>\n<p>Para ter acesso ao benef\u00edcio, os agricultores contam com a orienta\u00e7\u00e3o t\u00e9cnica da Emater-MG. A empresa \u00e9 uma das entidades respons\u00e1veis pela emiss\u00e3o da Declara\u00e7\u00e3o de Aptid\u00e3o ao Pronaf (DAP). Para obter a declara\u00e7\u00e3o, o agricultor passa por uma entrevista e deve apresentar documentos pessoais e referentes a todas as propriedades em que desenvolve sua atividade, comprovante de renda de todos os membros da unidade familiar, comprovantes de insumos e rebanho, dentre outros. A Emater-MG tamb\u00e9m orienta e capacita os agricultores, al\u00e9m de elaborar projeto t\u00e9cnico necess\u00e1rio para a libera\u00e7\u00e3o do recursos.<\/p>\n<p>\u201cA Emater-MG \u00e9 respons\u00e1vel pela elabora\u00e7\u00e3o de grande parte dos projetos de cr\u00e9dito rural do Estado, prestando assist\u00eancia t\u00e9cnica de qualidade aos agricultores para que eles apliquem de maneira correta os recursos e obtenham resultados positivos\u201d, diz Meokarem.<\/p>\n<p><strong>Cr\u00e9dito bem aplicado<\/strong><\/p>\n<p>A hist\u00f3ria da produtora Delibe Cordeiro de Menezes, no munic\u00edpio de Paineiras, Regi\u00e3o Central de Minas, \u00e9 um exemplo de boa aplica\u00e7\u00e3o do cr\u00e9dito rural. Ela e o marido, Pedro Jos\u00e9 Pereira, trabalhavam com pecu\u00e1ria leiteira em uma propriedade arrendada. A produ\u00e7\u00e3o de leite do rebanho era de 60 litros\/dia. Em 2003, Delibe Menezes recebeu de heran\u00e7a uma pequena propriedade. Por\u00e9m, o local n\u00e3o oferecia infraestrutura adequada para o desenvolvimento da pecu\u00e1ria leiteira. Para resolver o problema, a produtora buscou ajuda no escrit\u00f3rio local da Emater-MG.<\/p>\n<p>O extensionista Giovani Chaves orientou Delibe Menezes a fazer um financiamento pelo Pronaf. O valor foi de R$ 18 mil. Os recursos foram utilizados na forma\u00e7\u00e3o de capineira, constru\u00e7\u00e3o de curral e constru\u00e7\u00e3o de dep\u00f3sito para ra\u00e7\u00e3o. A produ\u00e7\u00e3o di\u00e1ria de leite da propriedade do casal passou de 60 para 100 litros. Dois anos depois, a produtora fez mais um financiamento no valor de R$ 9 mil para a forma\u00e7\u00e3o de canavial, recupera\u00e7\u00e3o de pastagens e constru\u00e7\u00e3o de cercas. Delibe Menezes fez ainda mais dois contratos pelo Pronaf. O dinheiro foi utilizado, entre outras finalidades, para a aquisi\u00e7\u00e3o de animais.<\/p>\n<p>Atualmente a produ\u00e7\u00e3o leiteira da propriedade de Delibe Menezes \u00e9 de 300 litros de leite\/dia. Segundo ela, essa melhoria se deu por meio do Pronaf e a aplica\u00e7\u00e3o correta do financiamento aliados \u00e0 assist\u00eancia t\u00e9cnica da Emater-MG. \u201c Quando come\u00e7amos, a gente n\u00e3o tinha dinheiro. Sem os financiamentos que fizemos, a nossa dedica\u00e7\u00e3o e a orienta\u00e7\u00e3o da Emater-MG n\u00e3o ter\u00edamos conseguido chegar onde chegamos\u201d, afirma a produtora. (Ag\u00eancia Minas)<\/p>\n","protected":false},"excerpt":{"rendered":"<p>Emater-MG desempenha importante papel para que o produtor tenha acesso ao benef\u00edcio O cr\u00e9dito rural \u00e9 um dos principais benef\u00edcios de que o agricultor disp\u00f5e para viabilizar a sua produ\u00e7\u00e3o. Em muitos casos o financiamento \u00e9 uma das \u00fanicas alternativas para o produtor manter ou ampliar sua atividade. Em Minas Gerais, at\u00e9 janeiro deste ano, [&hellip;]<\/p>\n","protected":false},"author":1,"featured_media":54344,"comment_status":"open","ping_status":"closed","sticky":false,"template":"","format":"standard","meta":{"amp_status":"","footnotes":""},"categories":[123],"tags":[36105,36099,36100,36096,36097,36108,36111,36110,36106,36101,1018,25775,36107,36104,36103,36093,36109,1666,36102,32992,36095,36098,36094],"class_list":["post-54342","post","type-post","status-publish","format-standard","has-post-thumbnail","hentry","category-gerais","tag-agricultores-contam-com-a-orientacao-tecnica-da-emater-mg","tag-agricultores-familiares-mineiros","tag-agricultores-familiares-mineiros-beneficiados-pelo-pronaf","tag-beneficiados-pelo-pronaf","tag-beneficiados-pelo-pronaf-em-minas-gerais","tag-coordenador-tecnico-estadual-de-credito-rural-da-emater-mg","tag-credito-rural","tag-credito-rural-e-um-dos-principais-beneficios-de-que-o-agricultor-dispoe-para-viabilizar-a-sua-producao","tag-declaracao-de-aptidao-ao-pronaf","tag-delibe-cordeiro-de-menezes","tag-destaque","tag-emater-mg","tag-emissao-da-declaracao-de-aptidao-ao-pronaf","tag-financiamento-pelo-pronaf","tag-giovani-chaves","tag-mais-de-130-mil-agricultores-familiares-mineiros-ja-foram-beneficiados-pelo-pronaf-na-safra-2015","tag-marcos-meokarem","tag-paineiras","tag-pedro-jose-pereira","tag-pronaf","tag-pronaf-2015","tag-pronaf-em-minas-gerais","tag-pronaf-na-safra-2015"],"_links":{"self":[{"href":"https:\/\/aconteceunovale.com.br\/portal\/index.php?rest_route=\/wp\/v2\/posts\/54342","targetHints":{"allow":["GET"]}}],"collection":[{"href":"https:\/\/aconteceunovale.com.br\/portal\/index.php?rest_route=\/wp\/v2\/posts"}],"about":[{"href":"https:\/\/aconteceunovale.com.br\/portal\/index.php?rest_route=\/wp\/v2\/types\/post"}],"author":[{"embeddable":true,"href":"https:\/\/aconteceunovale.com.br\/portal\/index.php?rest_route=\/wp\/v2\/users\/1"}],"replies":[{"embeddable":true,"href":"https:\/\/aconteceunovale.com.br\/portal\/index.php?rest_route=%2Fwp%2Fv2%2Fcomments&post=54342"}],"version-history":[{"count":0,"href":"https:\/\/aconteceunovale.com.br\/portal\/index.php?rest_route=\/wp\/v2\/posts\/54342\/revisions"}],"wp:featuredmedia":[{"embeddable":true,"href":"https:\/\/aconteceunovale.com.br\/portal\/index.php?rest_route=\/wp\/v2\/media\/54344"}],"wp:attachment":[{"href":"https:\/\/aconteceunovale.com.br\/portal\/index.php?rest_route=%2Fwp%2Fv2%2Fmedia&parent=54342"}],"wp:term":[{"taxonomy":"category","embeddable":true,"href":"https:\/\/aconteceunovale.com.br\/portal\/index.php?rest_route=%2Fwp%2Fv2%2Fcategories&post=54342"},{"taxonomy":"post_tag","embeddable":true,"href":"https:\/\/aconteceunovale.com.br\/portal\/index.php?rest_route=%2Fwp%2Fv2%2Ftags&post=54342"}],"curies":[{"name":"wp","href":"https:\/\/api.w.org\/{rel}","templated":true}]}}