{"id":54340,"date":"2015-03-04T11:06:04","date_gmt":"2015-03-04T14:06:04","guid":{"rendered":"http:\/\/aconteceunovale.com.br\/portal\/?p=54340"},"modified":"2015-03-04T11:06:04","modified_gmt":"2015-03-04T14:06:04","slug":"plantao-do-samu-no-norte-de-minas-gerais-03-de-marco-de-2015","status":"publish","type":"post","link":"https:\/\/aconteceunovale.com.br\/portal\/?p=54340","title":{"rendered":"Plant\u00e3o do Samu no Norte de Minas Gerais &#8211; 03 de mar\u00e7o de 2015"},"content":{"rendered":"<h4><em><strong>Ter\u00e7a-feira, 03 de mar\u00e7o de 2015.<\/strong><\/em><\/h4>\n<p>A unidade do SAMU de Montes Claros realizou na ter\u00e7a-feira, 03\/03, 41 atendimentos, sendo 28 casos cl\u00ednicos e 10 ocorr\u00eancias de acidente de tr\u00e2nsito, todos envolvendo motocicleta; duas mulheres em trabalho de parto e um adolescente de 14 anos picado por escorpi\u00e3o.<\/p>\n<p>Na madrugada de ter\u00e7a para quarta-feira, por volta da 1h40, a unidade do Samu foi acionada para atendimento a um homem de 35 anos que colidiu de moto contra um carro na Avenida Jo\u00e3o Luiz de Almeida, regi\u00e3o central de Montes Claros. Ele conduzia a moto e sofreu escoria\u00e7\u00f5es nos bra\u00e7os e se queixava de dor no t\u00f3rax.<\/p>\n<p>\u00c0s 21h20, a unidade do Samu foi acionada para atendimento a um homem de 25 anos que ficou ferido em um acidente envolvendo duas motocicletas, ocorrido no bairro Eldorado. Ele conduzia uma das motos e sofreu escoria\u00e7\u00f5es na perna esquerda e se queixava de dor no joelho.<\/p>\n<p>Por volta das 20h, a unidade do Samu foi acionada para atendimento a um homem de 48 anos que colidiu de moto contra um carro na Vila Guilhermina. Ele conduzia a moto e sofreu fratura exposta na perna direita.<\/p>\n<p>\u00c0s 18h57, a unidade do Samu foi acionada para atendimento a uma mulher de 24 anos que colidiu de moto contra um carro na Avenida Castelar Prates, bairro Major Prates. Ele conduzia a moto e se queixava de dor intensa no abdome e na perna.<\/p>\n<p>\u00c0s 18h, um homem de 53 anos caiu de bicicleta na Avenida Francisco Gaetani, bairro Major Prates, e se queixava de dor \u00e0 apalpa\u00e7\u00e3o no punho direito.<\/p>\n<p>\u00c0s 16h15, um homem de 29 anos colidiu de moto contra um carro na Avenida Queluz, bairro Maracan\u00e3. Ele conduzia a moto e apresentava escoria\u00e7\u00f5es no cotovelo, regi\u00e3o lombar e na perna esquerda, se queixando de dor \u00e0 apalpa\u00e7\u00e3o no abd\u00f4men.<\/p>\n<p>\u00c0s 16h20, um homem de 25 anos colidiu de moto contra um carro na Rua Manoel Souza Brasil, Vila Atl\u00e2ntida. Ele conduzia a moto e deambulava no local, com hist\u00f3rico de perda de consci\u00eancia, agitado, se queixando de dor lombar, onde apresentava escoria\u00e7\u00f5es.<\/p>\n<p>\u00c0s 13h15, um adolescente de 14 anos foi picado por escorpi\u00e3o, no bairro Vera Cruz.<\/p>\n<p>Por volta das 12h40, a unidade do Samu foi acionada para atendimento a um homem de 25 anos que caiu de moto na Avenida Governador Magalh\u00e3es Pinto, bairro Jaragu\u00e1. Ele conduzia a moto e se queixava de dor no ombro direito.<\/p>\n<p>Em todas as ocorr\u00eancias os feridos receberam os primeiros atendimentos no local e foram encaminhados ao hospital para avalia\u00e7\u00e3o.<\/p>\n","protected":false},"excerpt":{"rendered":"<p>Ter\u00e7a-feira, 03 de mar\u00e7o de 2015. A unidade do SAMU de Montes Claros realizou na ter\u00e7a-feira, 03\/03, 41 atendimentos, sendo 28 casos cl\u00ednicos e 10 ocorr\u00eancias de acidente de tr\u00e2nsito, todos envolvendo motocicleta; duas mulheres em trabalho de parto e um adolescente de 14 anos picado por escorpi\u00e3o. Na madrugada de ter\u00e7a para quarta-feira, por [&hellip;]<\/p>\n","protected":false},"author":1,"featured_media":46383,"comment_status":"open","ping_status":"closed","sticky":false,"template":"","format":"standard","meta":{"amp_status":"","footnotes":""},"categories":[1236],"tags":[210,24659,24089,18898,18108,36092,18629,21139,4040],"class_list":["post-54340","post","type-post","status-publish","format-standard","has-post-thumbnail","hentry","category-norte_de_minas","tag-montes-claros","tag-plantao-do-samu-de-montes-claros","tag-plantao-do-samu-do-norte-de-minas","tag-plantao-do-samu-macro-norte","tag-plantao-do-samu-no-norte-de-minas-gerais","tag-plantao-do-samu-no-norte-de-minas-gerais-03-de-marco-de-2015","tag-samu-de-montes-claros","tag-samu-do-norte-de-minas","tag-samu-macro-norte"],"_links":{"self":[{"href":"https:\/\/aconteceunovale.com.br\/portal\/index.php?rest_route=\/wp\/v2\/posts\/54340","targetHints":{"allow":["GET"]}}],"collection":[{"href":"https:\/\/aconteceunovale.com.br\/portal\/index.php?rest_route=\/wp\/v2\/posts"}],"about":[{"href":"https:\/\/aconteceunovale.com.br\/portal\/index.php?rest_route=\/wp\/v2\/types\/post"}],"author":[{"embeddable":true,"href":"https:\/\/aconteceunovale.com.br\/portal\/index.php?rest_route=\/wp\/v2\/users\/1"}],"replies":[{"embeddable":true,"href":"https:\/\/aconteceunovale.com.br\/portal\/index.php?rest_route=%2Fwp%2Fv2%2Fcomments&post=54340"}],"version-history":[{"count":0,"href":"https:\/\/aconteceunovale.com.br\/portal\/index.php?rest_route=\/wp\/v2\/posts\/54340\/revisions"}],"wp:featuredmedia":[{"embeddable":true,"href":"https:\/\/aconteceunovale.com.br\/portal\/index.php?rest_route=\/wp\/v2\/media\/46383"}],"wp:attachment":[{"href":"https:\/\/aconteceunovale.com.br\/portal\/index.php?rest_route=%2Fwp%2Fv2%2Fmedia&parent=54340"}],"wp:term":[{"taxonomy":"category","embeddable":true,"href":"https:\/\/aconteceunovale.com.br\/portal\/index.php?rest_route=%2Fwp%2Fv2%2Fcategories&post=54340"},{"taxonomy":"post_tag","embeddable":true,"href":"https:\/\/aconteceunovale.com.br\/portal\/index.php?rest_route=%2Fwp%2Fv2%2Ftags&post=54340"}],"curies":[{"name":"wp","href":"https:\/\/api.w.org\/{rel}","templated":true}]}}