{"id":54338,"date":"2015-03-04T10:59:43","date_gmt":"2015-03-04T13:59:43","guid":{"rendered":"http:\/\/aconteceunovale.com.br\/portal\/?p=54338"},"modified":"2015-03-04T10:59:43","modified_gmt":"2015-03-04T13:59:43","slug":"previsao-do-tempo-para-minas-gerais-nesta-quarta-feira-4-de-marco-2","status":"publish","type":"post","link":"https:\/\/aconteceunovale.com.br\/portal\/?p=54338","title":{"rendered":"Previs\u00e3o do tempo para Minas Gerais nesta quarta-feira, 4 de mar\u00e7o"},"content":{"rendered":"<h4><em><strong>Dia de calor e pancadas de chuva no Estado de Minas<\/strong><\/em><\/h4>\n<p>Nesta quarta-feira (4\/3), a atua\u00e7\u00e3o de \u00e1reas de instabilidade atmosf\u00e9rica favorece a ocorr\u00eancia de pancadas de chuva sobre parte do Sudeste brasileiro. Em Minas Gerais, o tempo deve ficar parcialmente nublado, com pancadas de chuva isoladas no Centro, Noroeste e Tri\u00e2ngulo Mineiro. Nas outras regi\u00f5es do Estado, o tempo deve ficar ensolarado a parcialmente nublado, com possibilidade de chuvas localizadas.<\/p>\n<p>Na Regi\u00e3o Metropolitana de Belo Horizonte, o dia ser\u00e1 de sol entre nuvens e chuvas t\u00edpicas de ver\u00e3o a partir da tarde. Hoje, na capital mineira, a temperatura m\u00ednima registrada foi de 18\u00b0C e a m\u00e1xima deve ficar na casa dos 29\u00b0C.<\/p>\n","protected":false},"excerpt":{"rendered":"<p>Dia de calor e pancadas de chuva no Estado de Minas Nesta quarta-feira (4\/3), a atua\u00e7\u00e3o de \u00e1reas de instabilidade atmosf\u00e9rica favorece a ocorr\u00eancia de pancadas de chuva sobre parte do Sudeste brasileiro. Em Minas Gerais, o tempo deve ficar parcialmente nublado, com pancadas de chuva isoladas no Centro, Noroeste e Tri\u00e2ngulo Mineiro. Nas outras [&hellip;]<\/p>\n","protected":false},"author":1,"featured_media":51728,"comment_status":"open","ping_status":"closed","sticky":false,"template":"","format":"standard","meta":{"amp_status":"","footnotes":""},"categories":[123],"tags":[36090,1956,1839,29094,36091],"class_list":["post-54338","post","type-post","status-publish","format-standard","has-post-thumbnail","hentry","category-gerais","tag-4-de-marco","tag-previsao-do-tempo","tag-previsao-do-tempo-para-minas-gerais","tag-previsao-do-tempo-para-minas-gerais-nesta-quarta-feira","tag-previsao-do-tempo-para-minas-gerais-nesta-quarta-feira-4-de-marco"],"_links":{"self":[{"href":"https:\/\/aconteceunovale.com.br\/portal\/index.php?rest_route=\/wp\/v2\/posts\/54338","targetHints":{"allow":["GET"]}}],"collection":[{"href":"https:\/\/aconteceunovale.com.br\/portal\/index.php?rest_route=\/wp\/v2\/posts"}],"about":[{"href":"https:\/\/aconteceunovale.com.br\/portal\/index.php?rest_route=\/wp\/v2\/types\/post"}],"author":[{"embeddable":true,"href":"https:\/\/aconteceunovale.com.br\/portal\/index.php?rest_route=\/wp\/v2\/users\/1"}],"replies":[{"embeddable":true,"href":"https:\/\/aconteceunovale.com.br\/portal\/index.php?rest_route=%2Fwp%2Fv2%2Fcomments&post=54338"}],"version-history":[{"count":0,"href":"https:\/\/aconteceunovale.com.br\/portal\/index.php?rest_route=\/wp\/v2\/posts\/54338\/revisions"}],"wp:featuredmedia":[{"embeddable":true,"href":"https:\/\/aconteceunovale.com.br\/portal\/index.php?rest_route=\/wp\/v2\/media\/51728"}],"wp:attachment":[{"href":"https:\/\/aconteceunovale.com.br\/portal\/index.php?rest_route=%2Fwp%2Fv2%2Fmedia&parent=54338"}],"wp:term":[{"taxonomy":"category","embeddable":true,"href":"https:\/\/aconteceunovale.com.br\/portal\/index.php?rest_route=%2Fwp%2Fv2%2Fcategories&post=54338"},{"taxonomy":"post_tag","embeddable":true,"href":"https:\/\/aconteceunovale.com.br\/portal\/index.php?rest_route=%2Fwp%2Fv2%2Ftags&post=54338"}],"curies":[{"name":"wp","href":"https:\/\/api.w.org\/{rel}","templated":true}]}}