{"id":54316,"date":"2015-03-03T22:18:03","date_gmt":"2015-03-04T01:18:03","guid":{"rendered":"http:\/\/aconteceunovale.com.br\/portal\/?p=54316"},"modified":"2015-03-03T22:18:03","modified_gmt":"2015-03-04T01:18:03","slug":"ararinhas-azuis-nascidas-na-alemanha-chegam-ao-brasil","status":"publish","type":"post","link":"https:\/\/aconteceunovale.com.br\/portal\/?p=54316","title":{"rendered":"Ararinhas-azuis nascidas na Alemanha chegam ao Brasil"},"content":{"rendered":"<p>Um casal de ararinhas-azuis, esp\u00e9cie considerada extinta na natureza, chegou hoje (3) de manh\u00e3 ao Brasil. Nascidas na Alemanha, as ararinhas, batizadas de Carla e Tiago, s\u00e3o filhas de uma f\u00eamea brasileira e devem ajudar a aumentar a popula\u00e7\u00e3o dos p\u00e1ssaros dessa esp\u00e9cie, no Brasil.<\/p>\n<p>De acordo com o Minist\u00e9rio do Meio Ambiente, atualmente existem apenas 11 animais da esp\u00e9cie no pa\u00eds, todas vivendo em um criadouro no interior de S\u00e3o Paulo.<\/p>\n<p>A iniciativa \u00e9 uma parceria do governo brasileiro com a Ag\u00eancia Federal Alem\u00e3 de Conserva\u00e7\u00e3o da Natureza. A chegada das ararinhas ao pa\u00eds serviu para marcar o Dia Mundial da Vida Selvagem. Entre outros objetivos, a data promove a coopera\u00e7\u00e3o entre pa\u00edses para preservar esp\u00e9cies.<\/p>\n<p>\u201cHoje \u00e9 um dia emocionante para a conserva\u00e7\u00e3o da biodiversidade do Brasil. \u00c9 um dia \u00edmpar dos esfor\u00e7os t\u00e9cnico-cient\u00edficos. Viabilizamos o retorno da esp\u00e9cie s\u00edmbolo do Brasil. Que, no futuro, ela possa ser colocada na natureza\u201d, acrescentou a ministra do Meio Ambiente, Izabella Teixeira.<\/p>\n<p><img decoding=\"async\" src=\"http:\/\/aconteceunovale.com.br\/portal\/wp-content\/uploads\/2015\/03\/arararinhas_alemans.jpg\" alt=\"\" \/><em>Brasil recebe casal de ararinhas-azuis da Alemanha &#8211; Foto: ACTP\/Divulga\u00e7\u00e3o<\/em><br \/>\n<\/br><\/p>\n<p>Os animais desembarcaram no Aeroporto de Guarulhos, em S\u00e3o Paulo. Em seguida, foram levados para um quatern\u00e1rio oficial do Minist\u00e9rio da Agricultura, onde permaneceram em observa\u00e7\u00e3o por 15 dias. O pr\u00f3ximo destino do casal ser\u00e1 um criadouro cient\u00edfico da fauna silvestre para fins de conserva\u00e7\u00e3o, no interior paulista.<\/p>\n<p>\u201cN\u00f3s temos f\u00eameas precisando de machos. Levamos para a Alemanha, fizemos todo o trabalho de reprodu\u00e7\u00e3o e agora estamos trazendo Tiago e Carla de volta ao Brasil\u201d, explicou a ministra.<\/p>\n<p>Segundo ela, o objetivo \u00e9 devolv\u00ea-los \u00e0 natureza assim que o pa\u00eds atingir 150 animais da esp\u00e9cie. \u201cA meta \u00e9, at\u00e9 2020, estarmos testando e viabilizando a reinser\u00e7\u00e3o dessas esp\u00e9cies na natureza\u201d, ressaltou Izabella Teixeira.<\/p>\n<p>O habitat natural da ararinha-azul \u00e9 a Caatinga, na \u00e1rea do munic\u00edpio de Curu\u00e7\u00e1, no norte da Bahia. As aves s\u00f3 come\u00e7am a se reproduzir ap\u00f3s quatro anos de vida, quando entram na fase adulta. Somente cinco animais nascem a cada 12 meses.<\/p>\n<p>Conforme a ministra, desde 2000 a esp\u00e9cie n\u00e3o \u00e9 mais encontrada na natureza. Em raz\u00e3o disso, h\u00e1 uma coopera\u00e7\u00e3o entre o Brasil, o Catar e a Alemanha para viabilizar a reprodu\u00e7\u00e3o dos animais em cativeiro. (Ag\u00eancia Brasil)<\/p>\n","protected":false},"excerpt":{"rendered":"<p>Um casal de ararinhas-azuis, esp\u00e9cie considerada extinta na natureza, chegou hoje (3) de manh\u00e3 ao Brasil. Nascidas na Alemanha, as ararinhas, batizadas de Carla e Tiago, s\u00e3o filhas de uma f\u00eamea brasileira e devem ajudar a aumentar a popula\u00e7\u00e3o dos p\u00e1ssaros dessa esp\u00e9cie, no Brasil. De acordo com o Minist\u00e9rio do Meio Ambiente, atualmente existem [&hellip;]<\/p>\n","protected":false},"author":1,"featured_media":54317,"comment_status":"open","ping_status":"closed","sticky":false,"template":"","format":"standard","meta":{"amp_status":"","footnotes":""},"categories":[6],"tags":[22396,36064,36060,36061,36059,36058,36057,4785,36066,36065,36063,36062],"class_list":["post-54316","post","type-post","status-publish","format-standard","has-post-thumbnail","hentry","category-br","tag-alemanha","tag-ambiente","tag-ararinha-azul","tag-ararinhas-batizadas-de-carla-e-tiago","tag-ararinhas-azuis","tag-ararinhas-azuis-nascidas-na-alemanha","tag-ararinhas-azuis-nascidas-na-alemanha-chegam-ao-brasil","tag-brasil","tag-brasil-recebe-casal-de-ararinhas-azuis-da-alemanha","tag-cooperacao","tag-izabella-teixeira","tag-ministra-do-meio-ambiente"],"_links":{"self":[{"href":"https:\/\/aconteceunovale.com.br\/portal\/index.php?rest_route=\/wp\/v2\/posts\/54316","targetHints":{"allow":["GET"]}}],"collection":[{"href":"https:\/\/aconteceunovale.com.br\/portal\/index.php?rest_route=\/wp\/v2\/posts"}],"about":[{"href":"https:\/\/aconteceunovale.com.br\/portal\/index.php?rest_route=\/wp\/v2\/types\/post"}],"author":[{"embeddable":true,"href":"https:\/\/aconteceunovale.com.br\/portal\/index.php?rest_route=\/wp\/v2\/users\/1"}],"replies":[{"embeddable":true,"href":"https:\/\/aconteceunovale.com.br\/portal\/index.php?rest_route=%2Fwp%2Fv2%2Fcomments&post=54316"}],"version-history":[{"count":0,"href":"https:\/\/aconteceunovale.com.br\/portal\/index.php?rest_route=\/wp\/v2\/posts\/54316\/revisions"}],"wp:featuredmedia":[{"embeddable":true,"href":"https:\/\/aconteceunovale.com.br\/portal\/index.php?rest_route=\/wp\/v2\/media\/54317"}],"wp:attachment":[{"href":"https:\/\/aconteceunovale.com.br\/portal\/index.php?rest_route=%2Fwp%2Fv2%2Fmedia&parent=54316"}],"wp:term":[{"taxonomy":"category","embeddable":true,"href":"https:\/\/aconteceunovale.com.br\/portal\/index.php?rest_route=%2Fwp%2Fv2%2Fcategories&post=54316"},{"taxonomy":"post_tag","embeddable":true,"href":"https:\/\/aconteceunovale.com.br\/portal\/index.php?rest_route=%2Fwp%2Fv2%2Ftags&post=54316"}],"curies":[{"name":"wp","href":"https:\/\/api.w.org\/{rel}","templated":true}]}}