{"id":54308,"date":"2015-03-03T21:49:41","date_gmt":"2015-03-04T00:49:41","guid":{"rendered":"http:\/\/aconteceunovale.com.br\/portal\/?p=54308"},"modified":"2015-03-03T21:49:41","modified_gmt":"2015-03-04T00:49:41","slug":"eleitores-devem-ficar-atentos-ao-prazo-para-regularizacao-do-titulo","status":"publish","type":"post","link":"https:\/\/aconteceunovale.com.br\/portal\/?p=54308","title":{"rendered":"Eleitores devem ficar atentos ao prazo para regulariza\u00e7\u00e3o do t\u00edtulo"},"content":{"rendered":"<p>Come\u00e7ou nesta segunda-feira (2) e vai at\u00e9 o dia\u00a0<b>4 de maio<\/b>\u00a0o prazo de 60 dias, definido pela\u00a0<a href=\"http:\/\/www.tse.jus.br\/legislacao\/codigo-eleitoral\/normas-editadas-pelo-tse\/resolucao-nb0-21.538-de-14-de-outubro-de-2003-brasilia-2013-df\">Resolu\u00e7\u00e3o do TSE n\u00ba. 23.538\/2003<\/a>, para que os eleitores que\u00a0<b>n\u00e3o votaram<\/b>\u00a0e\u00a0<b>n\u00e3o justificaram a aus\u00eancia<\/b>\u00a0\u00e0s urnas nos\u00a0<b>tr\u00eas \u00faltimos pleitos<\/b>regularizem a sua situa\u00e7\u00e3o, sob pena de\u00a0<b>cancelamento do t\u00edtulo<\/b>\u00a0de eleitor. O eleitor deve procurar o posto de atendimento da Justi\u00e7a Eleitoral mais pr\u00f3ximo de sua resid\u00eancia. Confira os\u00a0<a href=\"http:\/\/www.tre-mg.jus.br\/eleitor\/zonas-eleitorais\/informacoes-sobre-o-funcionamento-das-zonas-eleitorais\">endere\u00e7os<\/a>\u00a0de atendimento da Justi\u00e7a Eleitoral em todo o Estado.<\/p>\n<p>Para consultar a situa\u00e7\u00e3o de sua inscri\u00e7\u00e3o eleitoral, o eleitor pode acessar o\u00a0<a href=\"http:\/\/www.tre-mg.jus.br\/eleitor\/situacao-eleitoral\/situacao-eleitoral\">site<\/a>\u00a0do TRE-MG, sendo necess\u00e1rio o n\u00famero de seu t\u00edtulo ou seu nome e data de nascimento. Nos cart\u00f3rios, est\u00e1 afixada, para consulta,\u00a0<b>lista dos eleitores<\/b>\u00a0em situa\u00e7\u00e3o irregular, com nome e n\u00famero do t\u00edtulo eleitoral, desde o dia\u00a0<b>25 de fevereiro<\/b>. A consulta tamb\u00e9m pode ser feita por meio do\u00a0<b>Disque-Eleitor (148)<\/b>, que tamb\u00e9m est\u00e1 \u00e0 disposi\u00e7\u00e3o para esclarecer outras d\u00favidas. A Justi\u00e7a Eleitoral\u00a0<b>n\u00e3o far\u00e1 nenhum tipo de notifica\u00e7\u00e3o<\/b>\u00a0ao eleitor em situa\u00e7\u00e3o irregular, devendo ele mesmo se inteirar da situa\u00e7\u00e3o de sua inscri\u00e7\u00e3o eleitoral.<\/p>\n<p>Est\u00e3o em\u00a0<b>situa\u00e7\u00e3o irregular<\/b>\u00a0os eleitores que n\u00e3o votaram em tr\u00eas pleitos consecutivos, sendo considerados como pleitos diferentes o primeiro e segundo turnos de uma elei\u00e7\u00e3o. Os eleitores de munic\u00edpios onde as elei\u00e7\u00f5es foram anuladas por decis\u00e3o judicial devem ficar atentos, j\u00e1 que estas n\u00e3o s\u00e3o computadas para definir a situa\u00e7\u00e3o do eleitor. Os eleitores cujo exerc\u00edcio do voto \u00e9\u00a0<b>facultativo<\/b>\u00a0por prerrogativa constitucional e os eleitores cuja\u00a0<b>defici\u00eancia<\/b>\u00a0torne imposs\u00edvel ou oneroso o cumprimento das obriga\u00e7\u00f5es eleitorais n\u00e3o precisam se preocupar com o prazo do dia 4 de maio, j\u00e1 que as suas inscri\u00e7\u00f5es n\u00e3o est\u00e3o sujeitas a cancelamento.<\/p>\n<p>O eleitor que tiver o t\u00edtulo cancelado fica irregular perante a Justi\u00e7a Eleitoral e sofre algumas\u00a0<b>limita\u00e7\u00f5es<\/b>\u00a0estabelecidas pela legisla\u00e7\u00e3o eleitoral, tal como obter CPF, passaporte e tomar posse em cargo p\u00fablico.<\/p>\n<p>Em Minas Gerais, 155.398 eleitores \u2013\u00a0<b>1% do eleitorado do Estado<\/b>\u00a0\u2013 est\u00e3o em situa\u00e7\u00e3o irregular. Em\u00a0<b>Belo Horizonte<\/b>, s\u00e3o 22.611 eleitores faltosos \u2013 1,2% do eleitorado da Capital. No\u00a0<b>Brasil<\/b>, Minas Gerais \u00e9 o terceiro Estado com o maior n\u00famero de eleitores em situa\u00e7\u00e3o irregular. O primeiro \u00e9 S\u00e3o Paulo, com 524.103 eleitores faltosos, seguido pelo Rio de Janeiro, com 192.858 eleitores irregulares. No\u00a0<b>Pa\u00eds<\/b>\u00a0s\u00e3o 1.808.667 eleitores em situa\u00e7\u00e3o irregular.<\/p>\n<p>Confira a quantidade de\u00a0<a title=\"\" href=\"http:\/\/www.justicaeleitoral.jus.br\/arquivos\/eleitores-irregulares-por-uf\" target=\"_blank\">eleitores irregulares por Estado<\/a>\u00a0|\u00a0Confira a quantidade de\u00a0<a title=\"\" href=\"http:\/\/www.justicaeleitoral.jus.br\/arquivos\/eleitores-irregulares-por-municipio\" target=\"_blank\">eleitores irregulares nos munic\u00edpios de Minas<\/a><\/p>\n<p><em>(Fonte: Tribunal Regional Eleitoral de Minas Gerais)<\/em><\/p>\n","protected":false},"excerpt":{"rendered":"<p>Come\u00e7ou nesta segunda-feira (2) e vai at\u00e9 o dia\u00a04 de maio\u00a0o prazo de 60 dias, definido pela\u00a0Resolu\u00e7\u00e3o do TSE n\u00ba. 23.538\/2003, para que os eleitores que\u00a0n\u00e3o votaram\u00a0e\u00a0n\u00e3o justificaram a aus\u00eancia\u00a0\u00e0s urnas nos\u00a0tr\u00eas \u00faltimos pleitosregularizem a sua situa\u00e7\u00e3o, sob pena de\u00a0cancelamento do t\u00edtulo\u00a0de eleitor. O eleitor deve procurar o posto de atendimento da Justi\u00e7a Eleitoral mais [&hellip;]<\/p>\n","protected":false},"author":1,"featured_media":53872,"comment_status":"open","ping_status":"closed","sticky":false,"template":"","format":"standard","meta":{"amp_status":"","footnotes":""},"categories":[123],"tags":[36044,36039,36042,36043,36040,36041],"class_list":["post-54308","post","type-post","status-publish","format-standard","has-post-thumbnail","hentry","category-gerais","tag-cancelamento-do-titulo-de-eleitor","tag-eleitores-devem-ficar-atentos-ao-prazo-para-regularizacao-do-titulo","tag-eleitores-irregulares-em-minas-gerais","tag-eleitores-que-nao-votaram-e-nao-justificaram-a-ausencia-as-urnas-nos-tres-ultimos-pleitos-regularizem-a-sua-situacao","tag-regularizacao-do-titulo","tag-regularizacao-do-titulo-de-eleitor"],"_links":{"self":[{"href":"https:\/\/aconteceunovale.com.br\/portal\/index.php?rest_route=\/wp\/v2\/posts\/54308","targetHints":{"allow":["GET"]}}],"collection":[{"href":"https:\/\/aconteceunovale.com.br\/portal\/index.php?rest_route=\/wp\/v2\/posts"}],"about":[{"href":"https:\/\/aconteceunovale.com.br\/portal\/index.php?rest_route=\/wp\/v2\/types\/post"}],"author":[{"embeddable":true,"href":"https:\/\/aconteceunovale.com.br\/portal\/index.php?rest_route=\/wp\/v2\/users\/1"}],"replies":[{"embeddable":true,"href":"https:\/\/aconteceunovale.com.br\/portal\/index.php?rest_route=%2Fwp%2Fv2%2Fcomments&post=54308"}],"version-history":[{"count":0,"href":"https:\/\/aconteceunovale.com.br\/portal\/index.php?rest_route=\/wp\/v2\/posts\/54308\/revisions"}],"wp:featuredmedia":[{"embeddable":true,"href":"https:\/\/aconteceunovale.com.br\/portal\/index.php?rest_route=\/wp\/v2\/media\/53872"}],"wp:attachment":[{"href":"https:\/\/aconteceunovale.com.br\/portal\/index.php?rest_route=%2Fwp%2Fv2%2Fmedia&parent=54308"}],"wp:term":[{"taxonomy":"category","embeddable":true,"href":"https:\/\/aconteceunovale.com.br\/portal\/index.php?rest_route=%2Fwp%2Fv2%2Fcategories&post=54308"},{"taxonomy":"post_tag","embeddable":true,"href":"https:\/\/aconteceunovale.com.br\/portal\/index.php?rest_route=%2Fwp%2Fv2%2Ftags&post=54308"}],"curies":[{"name":"wp","href":"https:\/\/api.w.org\/{rel}","templated":true}]}}