{"id":54299,"date":"2015-03-03T20:35:43","date_gmt":"2015-03-03T23:35:43","guid":{"rendered":"http:\/\/aconteceunovale.com.br\/portal\/?p=54299"},"modified":"2015-03-03T20:35:43","modified_gmt":"2015-03-03T23:35:43","slug":"minas-gerais-continua-como-referencia-na-fiscalizacao-do-uso-de-agrotoxicos-no-pais","status":"publish","type":"post","link":"https:\/\/aconteceunovale.com.br\/portal\/?p=54299","title":{"rendered":"Minas Gerais continua como refer\u00eancia na fiscaliza\u00e7\u00e3o do uso de agrot\u00f3xicos no pa\u00eds"},"content":{"rendered":"<h4><strong><em>Durante o ano de 2014, foram realizadas 7.401 a\u00e7\u00f5es fiscais nos estabelecimentos comerciais e nas propriedades rurais mineiras<\/em><\/strong><\/h4>\n<p>Minas Gerais se consolida como refer\u00eancia na fiscaliza\u00e7\u00e3o de agrot\u00f3xicos no pa\u00eds. Embora seja o sexto do ranking brasileiro no consumo desse insumo agr\u00edcola, o Estado lidera as a\u00e7\u00f5es fiscalizat\u00f3rias, com 27% do total nacional. Durante o ano de 2014, foram realizadas 7.401 opera\u00e7\u00f5es, tanto nos estabelecimentos comerciais, bem como nas propriedades rurais mineiras. Com estas a\u00e7\u00f5es, o Instituto Mineiro de Agropecu\u00e1ria (IMA) refor\u00e7a o objetivo de manter uma oferta de alimentos de qualidade e coibir o uso indiscriminado de agrot\u00f3xicos.<\/p>\n<p>Esse conjunto de a\u00e7\u00f5es tem o objetivo de assegurar, al\u00e9m do uso seguro de agrot\u00f3xicos, os cuidados com a sa\u00fade dos aplicadores do produto, com o meio ambiente e com a seguran\u00e7a alimentar, por meio da oferta de produtos mais saud\u00e1veis na mesa do consumidor mineiro.<\/p>\n<p>Al\u00e9m das fiscaliza\u00e7\u00f5es do com\u00e9rcio e uso dos agrot\u00f3xicos em Minas, o IMA tamb\u00e9m atua na verifica\u00e7\u00e3o das condi\u00e7\u00f5es de armazenamento das embalagens e se a comercializa\u00e7\u00e3o \u00e9 feita com receitu\u00e1rio agron\u00f4mico exigido por lei. A fiscaliza\u00e7\u00e3o prossegue em todo o Estado nas etapas do transporte e da devolu\u00e7\u00e3o das embalagens vazias desses produtos. De acordo com o programa estadual de monitoramento de res\u00edduos de agrot\u00f3xicos em produtos agr\u00edcolas (tomate, piment\u00e3o, morango, entre outros), das 150 amostras coletadas em 2014 para an\u00e1lise, o \u00edndice de conformidade foi de 95%.<\/p>\n<p>Das 7.401 fiscaliza\u00e7\u00f5es realizadas em 2014, 3.371 correspondem \u00e0s a\u00e7\u00f5es em estabelecimentos que comercializam agrot\u00f3xicos e 4.030 a\u00e7\u00f5es nas propriedades rurais do Estado. Esse total de fiscaliza\u00e7\u00f5es gerou a interdi\u00e7\u00e3o de 188.631 quilos e 21.199 litros de agrot\u00f3xicos, bem como a lavratura de 92 autos de infra\u00e7\u00f5es oriundos de irregularidades no com\u00e9rcio e uso de agrot\u00f3xicos.<\/p>\n<p>Cabe ressaltar que existe uma interface do IMA com o Minist\u00e9rio P\u00fablico, sendo enviada uma c\u00f3pia de todo auto de infra\u00e7\u00e3o de agrot\u00f3xicos, para que responda tamb\u00e9m na esfera c\u00edvel e criminal. Fato esse que denota a import\u00e2ncia de o produtor rural  que opte por um modelo de explora\u00e7\u00e3o agr\u00edcola com uso de agrot\u00f3xicos proceder da forma mais racional poss\u00edvel.<\/p>\n<p>De acordo com o diretor t\u00e9cnico do IMA, Thales de Almeida Fernandes, as a\u00e7\u00f5es de fiscaliza\u00e7\u00f5es, bem como as igualmente importantes a\u00e7\u00f5es de educa\u00e7\u00e3o sanit\u00e1ria, s\u00e3o primordiais para prover maior seguran\u00e7a alimentar \u00e0 popula\u00e7\u00e3o e maior sustentabilidade na agricultura. \u201cTrabalhamos com a certeza de que as boas pr\u00e1ticas agr\u00edcolas precisam evoluir constantemente, tanto em \u00e2mbito nacional quanto estadual, para diminuir significativamente os impactos causados pelo uso inadequado dos agrot\u00f3xicos\u201d, completa. <\/p>\n<p>Ele ressalta ainda que \u201cas fiscaliza\u00e7\u00f5es em sinergia com as a\u00e7\u00f5es de educa\u00e7\u00e3o sanit\u00e1ria tamb\u00e9m s\u00e3o essenciais para que os produtores utilizem o produto de maneira correta e segura\u201d.  Minas \u00e9 atualmente o sexto Estado do Brasil em n\u00famero de estabelecimentos que comercializam agrot\u00f3xicos registrados, com 1.139 canais de distribui\u00e7\u00e3o catalogados no IMA.<\/p>\n<p><strong>Recolhimento de embalagens vazias<\/strong><\/p>\n<p>\u00c9 obriga\u00e7\u00e3o do comerciante mineiro ser credenciado em um posto ou Central de Recebimento de Embalagens Vazias de Agrot\u00f3xicos, distribu\u00eddos em todo o Estado, indicando ao usu\u00e1rio na nota fiscal, no ato da compra, o endere\u00e7o dessas unidades para devolu\u00e7\u00e3o &#8211; no prazo m\u00e1ximo de um ano ap\u00f3s a compra. Atualmente, existem em Minas Gerais 11 centrais e 53 postos de recebimento de embalagens vazias de agrot\u00f3xicos.<\/p>\n<p>De acordo com dados divulgados pelo Instituto Nacional de Processamento de Embalagens Vazias (Inpev), Minas Gerais recolheu, em  2014, um total de 3.228.269 quilos de embalagens vazias de agrot\u00f3xicos que poderiam causar impactos negativos ao meio ambiente. Al\u00e9m disso, o Estado \u00e9 o sexto do Brasil que mais retirou embalagens vazias de agrot\u00f3xicos do campo, dado compat\u00edvel com o consumo estadual. (Ag\u00eancia Minas)<\/p>\n","protected":false},"excerpt":{"rendered":"<p>Durante o ano de 2014, foram realizadas 7.401 a\u00e7\u00f5es fiscais nos estabelecimentos comerciais e nas propriedades rurais mineiras Minas Gerais se consolida como refer\u00eancia na fiscaliza\u00e7\u00e3o de agrot\u00f3xicos no pa\u00eds. Embora seja o sexto do ranking brasileiro no consumo desse insumo agr\u00edcola, o Estado lidera as a\u00e7\u00f5es fiscalizat\u00f3rias, com 27% do total nacional. Durante o [&hellip;]<\/p>\n","protected":false},"author":1,"featured_media":54300,"comment_status":"open","ping_status":"closed","sticky":false,"template":"","format":"standard","meta":{"amp_status":"","footnotes":""},"categories":[123],"tags":[22863,36021,36017,20955,36024,20954,36023,36016,36020,36019,36022,36018],"class_list":["post-54299","post","type-post","status-publish","format-standard","has-post-thumbnail","hentry","category-gerais","tag-agrotoxicos","tag-diretor-tecnico-do-ima","tag-fiscalizacao-do-uso-de-agrotoxicos-no-pais","tag-ima","tag-inpev","tag-instituto-mineiro-de-agropecuaria","tag-instituto-nacional-de-processamento-de-embalagens-vazias","tag-minas-gerais-continua-como-referencia-na-fiscalizacao-do-uso-de-agrotoxicos-no-pais","tag-ranking-brasileiro-no-consumo-desse-insumo-agricola","tag-recolhimento-de-embalagens-vazias-de-agrotoxicos","tag-thales-de-almeida-fernandes","tag-uso-de-agrotoxicos-no-pais"],"_links":{"self":[{"href":"https:\/\/aconteceunovale.com.br\/portal\/index.php?rest_route=\/wp\/v2\/posts\/54299","targetHints":{"allow":["GET"]}}],"collection":[{"href":"https:\/\/aconteceunovale.com.br\/portal\/index.php?rest_route=\/wp\/v2\/posts"}],"about":[{"href":"https:\/\/aconteceunovale.com.br\/portal\/index.php?rest_route=\/wp\/v2\/types\/post"}],"author":[{"embeddable":true,"href":"https:\/\/aconteceunovale.com.br\/portal\/index.php?rest_route=\/wp\/v2\/users\/1"}],"replies":[{"embeddable":true,"href":"https:\/\/aconteceunovale.com.br\/portal\/index.php?rest_route=%2Fwp%2Fv2%2Fcomments&post=54299"}],"version-history":[{"count":0,"href":"https:\/\/aconteceunovale.com.br\/portal\/index.php?rest_route=\/wp\/v2\/posts\/54299\/revisions"}],"wp:featuredmedia":[{"embeddable":true,"href":"https:\/\/aconteceunovale.com.br\/portal\/index.php?rest_route=\/wp\/v2\/media\/54300"}],"wp:attachment":[{"href":"https:\/\/aconteceunovale.com.br\/portal\/index.php?rest_route=%2Fwp%2Fv2%2Fmedia&parent=54299"}],"wp:term":[{"taxonomy":"category","embeddable":true,"href":"https:\/\/aconteceunovale.com.br\/portal\/index.php?rest_route=%2Fwp%2Fv2%2Fcategories&post=54299"},{"taxonomy":"post_tag","embeddable":true,"href":"https:\/\/aconteceunovale.com.br\/portal\/index.php?rest_route=%2Fwp%2Fv2%2Ftags&post=54299"}],"curies":[{"name":"wp","href":"https:\/\/api.w.org\/{rel}","templated":true}]}}