{"id":54296,"date":"2015-03-03T16:40:43","date_gmt":"2015-03-03T19:40:43","guid":{"rendered":"http:\/\/aconteceunovale.com.br\/portal\/?p=54296"},"modified":"2015-03-03T22:06:01","modified_gmt":"2015-03-04T01:06:01","slug":"morre-jose-rico-voz-principal-da-dupla-milionario-jose-rico-2","status":"publish","type":"post","link":"https:\/\/aconteceunovale.com.br\/portal\/?p=54296","title":{"rendered":"Morre Jos\u00e9 Rico, voz principal da dupla Milion\u00e1rio &#038; Jos\u00e9 Rico"},"content":{"rendered":"<h4><strong><em>Ele fez dupla sertaneja com Milion\u00e1rio, uma das mais conhecidas do Brasil. Jos\u00e9 Rico estava internado em Americana (SP).<\/em><\/strong><\/h4>\n<p>Morreu nesta ter\u00e7a-feira, 3 de mar\u00e7o, aos 68 anos, o cantor sertanejo Jos\u00e9 Rico, voz principal da dupla Milion\u00e1rio e Jos\u00e9 Rico. Ele estava internado no hospital Unimed, de Americana (SP). A causa ainda n\u00e3o foi confirmada. De acordo com o secret\u00e1rio do cantor, ele estava no hospital para fazer exames.<\/p>\n<p><img decoding=\"async\" src=\"http:\/\/aconteceunovale.com.br\/portal\/wp-content\/uploads\/2015\/03\/morre_jose_rico_1.jpg\" alt=\"\" \/><em>Show em dezembro de 2014 na cidade de Ribeir\u00e3o Preto (SP) (Foto: \u00c9rico Andrade\/G1)<\/em><br \/>\n<\/br><\/p>\n<p>&#8220;O maior de todos se foi&#8230; O mito, a melhor voz desse pa\u00eds! Meu cora\u00e7\u00e3o est\u00e1 despeda\u00e7ado&#8230; Muito muito triste. Obrigada por tudo, Z\u00e9 Rico! Me sinto privilegiada de ter convivido um pouco com voc\u00ea!&#8221;, escreveu a assessora de imprensa da dupla, Am\u00e1lia Barros.<\/p>\n<p>&#8220;\u00c9 com muita dor no cora\u00e7\u00e3o e profunda tristeza que comunicamos o falecimento do nosso \u00eddolo Jos\u00e9 Rico. Vamos rezar por este homem que tanta alegria nos deu. \u00c9 imposs\u00edvel descrever nossa tristeza, estamos todos em estado de choque&#8221;, diz a nota oficial.<\/p>\n<p>O vel\u00f3rio est\u00e1 marcado para esta ter\u00e7a-feira, a partir das 21h, na C\u00e2mara Municipal de Americana, de acordo com a funer\u00e1ria Americana.<\/p>\n<p><strong>Biografia<\/strong><\/p>\n<p>Nascido em S\u00e3o Jos\u00e9 do Belmonte (PE) e criado na cidade de Terra Rica, Paran\u00e1, o cantor adotou o nome art\u00edstico de Jos\u00e9 Rico em refer\u00eancia \u00e0 cidade. Participou de outras duplas at\u00e9 mudar-se para a capital de S\u00e3o Paulo, em torno de 1968. L\u00e1, conheceu Romeu Janu\u00e1rio de Matos, o Milion\u00e1rio, no hotel em que estavam hospedados. <\/p>\n<p>Depois do in\u00edcio em S\u00e3o Paulo, a dupla mudou-se para Londrina (PR). L\u00e1 come\u00e7aram a cantar em um est\u00fadio de grava\u00e7\u00e3o de jingles comerciais. Foram apresentados \u00e0 Chantecler em 1973, pelo compositor Prado J\u00fanior, que tamb\u00e9m trabalhava na produ\u00e7\u00e3o de jingles. Em 1982, alcan\u00e7ou grande sucesso com &#8220;Tribunal do amor&#8221;.<\/p>\n<p>Nas seguintes grava\u00e7\u00f5es, a dupla j\u00e1 se estabilizava junto ao p\u00fablico. Seus sucessos incluem m\u00fasicas como &#8220;Jogo de amor&#8221;, &#8220;De longe tamb\u00e9m se ama&#8221;, &#8220;O tropeiro&#8221;, &#8220;Amor dividido&#8221; e especialmente a can\u00e7\u00e3o rancheira &#8220;Estrada da vida&#8221;, que vendeu mais de dois milh\u00f5es de c\u00f3pias e deu origem ao roteiro do filme hom\u00f4nimo, dirigido por Nelson Pereira dos Santos.<\/p>\n<p><img decoding=\"async\" src=\"http:\/\/aconteceunovale.com.br\/portal\/wp-content\/uploads\/2015\/03\/morre_jose_rico_2.jpg\" alt=\"\" \/><em>Am\u00e1lia Barros (ao centro), assessora de impressa da dupla Milion\u00e1rio e Jos\u00e9 Rico (\u00e0 direita), lamenta morte do cantor (Foto: Reprodu\u00e7\u00e3o \/ Rede Social Instagram)<\/em><br \/>\n<\/br><\/p>\n<p><em><strong>(Fonte: G1 \/ UOL)<\/strong><\/em><\/p>\n","protected":false},"excerpt":{"rendered":"<p>Ele fez dupla sertaneja com Milion\u00e1rio, uma das mais conhecidas do Brasil. Jos\u00e9 Rico estava internado em Americana (SP). Morreu nesta ter\u00e7a-feira, 3 de mar\u00e7o, aos 68 anos, o cantor sertanejo Jos\u00e9 Rico, voz principal da dupla Milion\u00e1rio e Jos\u00e9 Rico. Ele estava internado no hospital Unimed, de Americana (SP). A causa ainda n\u00e3o foi [&hellip;]<\/p>\n","protected":false},"author":1,"featured_media":54291,"comment_status":"open","ping_status":"closed","sticky":false,"template":"","format":"standard","meta":{"amp_status":"","footnotes":""},"categories":[6],"tags":[36009,25984,36006,36001,35988,36011,36015,35991,36000,35995,35998,35999,36004,25277,28221,35992,35993,36010,35990,35994,35997,35989,36012,36014,36013,36008,36005,36007,36002,36003,35996],"class_list":["post-54296","post","type-post","status-publish","format-standard","has-post-thumbnail","hentry","category-br","tag-amalia-barros","tag-americana","tag-berenice-martins-alves-dos-santos","tag-camara-municipal-de-americana","tag-cantor-sertanejo-jose-rico","tag-causa-da-morte-do-jose-rico","tag-de-que-jose-rico-morreu","tag-dupla-milionario-e-jose-rico","tag-falecimento-de-jose-rico","tag-falecimento-de-jose-rico-da-dupla-milionario-e-jose-rico","tag-falecimento-de-ze-rico","tag-falecimento-do-nosso-idolo-jose-rico","tag-jose-alves-dos-santos","tag-londrina","tag-milionario","tag-milionario-e-jose-rico","tag-morre-jose-rico","tag-morre-jose-rico-voz-principal-da-dupla-milionario-e-jose-rico","tag-morre-ze-rico-da-dupla-milionario-e-jose-rico","tag-morte-de-jose-rico-da-dupla-milionario-e-jose-rico","tag-morte-de-ze-rico","tag-morte-o-cantor-jose-rico","tag-o-que-o-jose-rico-tinha","tag-porque-jose-rico-morreu","tag-problema-de-saude-de-jose-rico","tag-romeu-januario-de-matos","tag-sao-jose-do-belmonte","tag-terra-rica","tag-velorio-de-jose-rico","tag-velorio-de-ze-rico","tag-ze-rico"],"_links":{"self":[{"href":"https:\/\/aconteceunovale.com.br\/portal\/index.php?rest_route=\/wp\/v2\/posts\/54296","targetHints":{"allow":["GET"]}}],"collection":[{"href":"https:\/\/aconteceunovale.com.br\/portal\/index.php?rest_route=\/wp\/v2\/posts"}],"about":[{"href":"https:\/\/aconteceunovale.com.br\/portal\/index.php?rest_route=\/wp\/v2\/types\/post"}],"author":[{"embeddable":true,"href":"https:\/\/aconteceunovale.com.br\/portal\/index.php?rest_route=\/wp\/v2\/users\/1"}],"replies":[{"embeddable":true,"href":"https:\/\/aconteceunovale.com.br\/portal\/index.php?rest_route=%2Fwp%2Fv2%2Fcomments&post=54296"}],"version-history":[{"count":0,"href":"https:\/\/aconteceunovale.com.br\/portal\/index.php?rest_route=\/wp\/v2\/posts\/54296\/revisions"}],"wp:featuredmedia":[{"embeddable":true,"href":"https:\/\/aconteceunovale.com.br\/portal\/index.php?rest_route=\/wp\/v2\/media\/54291"}],"wp:attachment":[{"href":"https:\/\/aconteceunovale.com.br\/portal\/index.php?rest_route=%2Fwp%2Fv2%2Fmedia&parent=54296"}],"wp:term":[{"taxonomy":"category","embeddable":true,"href":"https:\/\/aconteceunovale.com.br\/portal\/index.php?rest_route=%2Fwp%2Fv2%2Fcategories&post=54296"},{"taxonomy":"post_tag","embeddable":true,"href":"https:\/\/aconteceunovale.com.br\/portal\/index.php?rest_route=%2Fwp%2Fv2%2Ftags&post=54296"}],"curies":[{"name":"wp","href":"https:\/\/api.w.org\/{rel}","templated":true}]}}