{"id":54288,"date":"2015-03-03T14:18:59","date_gmt":"2015-03-03T17:18:59","guid":{"rendered":"http:\/\/aconteceunovale.com.br\/portal\/?p=54288"},"modified":"2015-03-03T20:19:43","modified_gmt":"2015-03-03T23:19:43","slug":"consorcio-deixa-iluminacao-publica-30-mais-barata-na-regiao-de-conceicao-do-mato-dentro","status":"publish","type":"post","link":"https:\/\/aconteceunovale.com.br\/portal\/?p=54288","title":{"rendered":"Cons\u00f3rcio deixa ilumina\u00e7\u00e3o p\u00fablica 30% mais barata na regi\u00e3o de Concei\u00e7\u00e3o do Mato Dentro"},"content":{"rendered":"<h4><em><strong>Cons\u00f3rcio \u00e9 formado por nove munic\u00edpios do M\u00e9dio Espinha\u00e7o. Call center e um canal atrav\u00e9s do WhatsApp est\u00e3o dispon\u00edveis para atendimento ao cidad\u00e3o.<\/strong><\/em><\/h4>\n<p>Desde o dia 1\u00ba de janeiro, uma determina\u00e7\u00e3o da Ag\u00eancia Nacional de Energia El\u00e9trica (ANEEL) transferiu aos Munic\u00edpios a responsabilidade sobre o servi\u00e7o de ilumina\u00e7\u00e3o p\u00fablica. Em Concei\u00e7\u00e3o do Mato Dentro, essa transfer\u00eancia est\u00e1 sendo manejada por meio de um cons\u00f3rcio intermunicipal, uma medida que reduz em at\u00e9 30% o custo para presta\u00e7\u00e3o dos servi\u00e7os. O atendimento ao cidad\u00e3o ser\u00e1 facilitado por meio de call center e m\u00eddia digital.<\/p>\n<p>A atribui\u00e7\u00e3o da presta\u00e7\u00e3o dos servi\u00e7os de ilumina\u00e7\u00e3o p\u00fablica aos governos municipais deveria ter ocorrido em setembro de 2012, prazo que foi prorrogado por duas vezes por interposi\u00e7\u00e3o dos Munic\u00edpios. Essa transfer\u00eancia de responsabilidade tem base no artigo 30, incido V da Constitui\u00e7\u00e3o Federal e atende a Resolu\u00e7\u00e3o 414\/2010 ANEEL.<\/p>\n<p>Em Minas Gerais, a transi\u00e7\u00e3o foi acompanhada e orientada por equipe multidisciplinar composta por representantes da Companhia de Energia El\u00e9trica de Minas Gerais (CEMIG), do Tribunal de Contas do Estado de Minas Gerais e da Secretaria de Estado de Desenvolvimento Regional e Pol\u00edtica Urbana de Minas Gerais e pela Associa\u00e7\u00e3o Mineira de Munic\u00edpios.<\/p>\n<p>J\u00e1 em Concei\u00e7\u00e3o do Mato Dentro e regi\u00e3o, formou-se um cons\u00f3rcio pelo qual nove munic\u00edpios participaram da licita\u00e7\u00e3o conjunta dos servi\u00e7os de ilumina\u00e7\u00e3o p\u00fablica. A grande vantagem do consorciamento \u00e9 o ganho de escala, porque juntos os munic\u00edpios somam 13.709 (treze mil setecentos e nove) pontos de ilumina\u00e7\u00e3o p\u00fablica. Essa estrat\u00e9gia resultou na redu\u00e7\u00e3o de 30% do custo estimado pela CEMIG para os servi\u00e7os contratados.<\/p>\n<p>A contrata\u00e7\u00e3o dos servi\u00e7os de ilumina\u00e7\u00e3o p\u00fablica incluem ainda um Call Center e um software de gest\u00e3o, ferramentas que facilitar\u00e3o a manuten\u00e7\u00e3o e o controle dos pontos, por parte da Prefeitura, e o acesso da popula\u00e7\u00e3o a informa\u00e7\u00f5es e solicita\u00e7\u00e3o de servi\u00e7os. Ainda em fase de instala\u00e7\u00e3o, o Call Center atender\u00e1 pelo n\u00famero 0800 033 1825.<\/p>\n<p>O cidad\u00e3o ter\u00e1 tamb\u00e9m canal de solicita\u00e7\u00e3o atrav\u00e9s da m\u00eddia digital whatsapp &#8211; (31) 8978-5606. Ao enviar a mensagem, o solicitante deve informar a cidade, o endere\u00e7o, o n\u00famero da casa mais pr\u00f3xima e o servi\u00e7o que quer solicitar: l\u00e2mpada queimada, l\u00e2mpada acesa durante o dia, lumin\u00e1ria quebrada ou poda de \u00e1rvore. A iniciativa visa melhorar e ampliar o servi\u00e7o prestado \u00e0 popula\u00e7\u00e3o.<\/p>\n<p>Participam do cons\u00f3rcio os munic\u00edpios de Concei\u00e7\u00e3o do Mato Dentro, Congonhas do Norte, Dom Joaquim, Ferros, Jaboticatubas, Morro do Pilar, Santana do Riacho, Santo Ant\u00f4nio do Rio Abaixo e Serro. O cons\u00f3rcio \u00e9 operacionalizado pela Associa\u00e7\u00e3o dos Munic\u00edpios da Microrregi\u00e3o do M\u00e9dio Espinha\u00e7o (AMME).<\/p>\n","protected":false},"excerpt":{"rendered":"<p>Cons\u00f3rcio \u00e9 formado por nove munic\u00edpios do M\u00e9dio Espinha\u00e7o. Call center e um canal atrav\u00e9s do WhatsApp est\u00e3o dispon\u00edveis para atendimento ao cidad\u00e3o. Desde o dia 1\u00ba de janeiro, uma determina\u00e7\u00e3o da Ag\u00eancia Nacional de Energia El\u00e9trica (ANEEL) transferiu aos Munic\u00edpios a responsabilidade sobre o servi\u00e7o de ilumina\u00e7\u00e3o p\u00fablica. Em Concei\u00e7\u00e3o do Mato Dentro, essa [&hellip;]<\/p>\n","protected":false},"author":1,"featured_media":42291,"comment_status":"open","ping_status":"closed","sticky":false,"template":"","format":"standard","meta":{"amp_status":"","footnotes":""},"categories":[123],"tags":[26917,35986,26918,35987,25817,347,35984,628,5485,35981,35979,35980,775,3378,2600,2230,35982,2533,3957,35985,154,35983,19036],"class_list":["post-54288","post","type-post","status-publish","format-standard","has-post-thumbnail","hentry","category-gerais","tag-agencia-nacional-de-energia-eletrica","tag-amme","tag-aneel","tag-associacao-dos-municipios-da-microrregiao-do-medio-espinhaco","tag-associacao-mineira-de-municipios","tag-cemig","tag-companhia-de-energia-eletrica-de-minas-gerais","tag-conceicao-do-mato-dentro","tag-congonhas-do-norte","tag-consorcio-deixa-iluminacao-publica-30-mais-barata-em-conceicao-do-mato-dentro","tag-consorcio-deixa-iluminacao-publica-30-mais-barata-na-regiao-de-conceicao-do-mato-dentro","tag-consorcio-deixa-iluminacao-publica-30-mais-barata-no-medio-espinhaco","tag-dom-joaquim","tag-ferros","tag-jaboticatubas","tag-morro-do-pilar","tag-responsabilidade-sobre-o-servico-de-iluminacao-publica","tag-santana-do-riacho","tag-santo-antonio-do-rio-abaixo","tag-secretaria-de-estado-de-desenvolvimento-regional-e-politica-urbana-de-minas-gerais","tag-serro","tag-servico-de-iluminacao-publica","tag-tribunal-de-contas-do-estado-de-minas-gerais"],"_links":{"self":[{"href":"https:\/\/aconteceunovale.com.br\/portal\/index.php?rest_route=\/wp\/v2\/posts\/54288","targetHints":{"allow":["GET"]}}],"collection":[{"href":"https:\/\/aconteceunovale.com.br\/portal\/index.php?rest_route=\/wp\/v2\/posts"}],"about":[{"href":"https:\/\/aconteceunovale.com.br\/portal\/index.php?rest_route=\/wp\/v2\/types\/post"}],"author":[{"embeddable":true,"href":"https:\/\/aconteceunovale.com.br\/portal\/index.php?rest_route=\/wp\/v2\/users\/1"}],"replies":[{"embeddable":true,"href":"https:\/\/aconteceunovale.com.br\/portal\/index.php?rest_route=%2Fwp%2Fv2%2Fcomments&post=54288"}],"version-history":[{"count":0,"href":"https:\/\/aconteceunovale.com.br\/portal\/index.php?rest_route=\/wp\/v2\/posts\/54288\/revisions"}],"wp:featuredmedia":[{"embeddable":true,"href":"https:\/\/aconteceunovale.com.br\/portal\/index.php?rest_route=\/wp\/v2\/media\/42291"}],"wp:attachment":[{"href":"https:\/\/aconteceunovale.com.br\/portal\/index.php?rest_route=%2Fwp%2Fv2%2Fmedia&parent=54288"}],"wp:term":[{"taxonomy":"category","embeddable":true,"href":"https:\/\/aconteceunovale.com.br\/portal\/index.php?rest_route=%2Fwp%2Fv2%2Fcategories&post=54288"},{"taxonomy":"post_tag","embeddable":true,"href":"https:\/\/aconteceunovale.com.br\/portal\/index.php?rest_route=%2Fwp%2Fv2%2Ftags&post=54288"}],"curies":[{"name":"wp","href":"https:\/\/api.w.org\/{rel}","templated":true}]}}