{"id":54266,"date":"2015-03-03T11:44:05","date_gmt":"2015-03-03T14:44:05","guid":{"rendered":"http:\/\/aconteceunovale.com.br\/portal\/?p=54266"},"modified":"2015-03-03T11:44:45","modified_gmt":"2015-03-03T14:44:45","slug":"juiz-de-capelinha-apoia-adocao-por-casais-homossexuais","status":"publish","type":"post","link":"https:\/\/aconteceunovale.com.br\/portal\/?p=54266","title":{"rendered":"Juiz de Capelinha apoia ado\u00e7\u00e3o por casais homossexuais"},"content":{"rendered":"<h4><strong><em>Magistrado usa caso do menino adotado por casal homossexual ap\u00f3s sofrer maus-tratos como exemplo contra projeto que considera fam\u00edlia apenas n\u00facleo formado por homem e mulher<\/em><\/strong><\/h4>\n<p>\u201cA gente n\u00e3o pode errar mais com esta crian\u00e7a. Confiamos em voc\u00eas.\u201d A senten\u00e7a do juiz Fernando Lamego Sleumer, de 33 anos, da comarca de Capelinha, resumia a miss\u00e3o dada ao casal formado pelo jornalista Gilberto Scofield J\u00fanior, de 49, e pelo corretor de im\u00f3veis Rodrigo Barbosa, de 33: cuidar de Paulo Henrique, de apenas 4 anos, bem sofridos. Em seu curto tempo de vida, depois da morte da m\u00e3e, v\u00edtima de alcoolismo, a crian\u00e7a de origem negra foi abandonada pelo pai, acolhida em um abrigo, adotada por um mulher de quem sofreu maus-tratos, devolvida ao abrigo e rejeitada por dois outros casais at\u00e9 ganhar os dois pais adotivos com os quais vive desde outubro nas Laranjeiras, Bairro da Zona Sul do Rio de Janeiro.<\/p>\n<p><img decoding=\"async\" src=\"http:\/\/aconteceunovale.com.br\/portal\/wp-content\/uploads\/2015\/03\/crianca_adotada_cap_rj.jpg\" alt=\"\" \/><em>Paulo Henrique e os pais Gilberto Scofield e Rodrigo Barbosa: carinho superou abandono, pol\u00eamicas sobre orienta\u00e7\u00e3o sexual e preconceito racial &#8211; Foto: Frederico Mendes \/ Divulga\u00e7\u00e3o<\/em><br \/>\n<\/br><\/p>\n<p>O que poderia ser apenas um final feliz ou o come\u00e7o de uma nova vida, por\u00e9m, virou pol\u00eamica, sobretudo diante da decis\u00e3o do presidente da C\u00e2mara dos Deputados, Eduardo Cunha (PMDB-RJ), que acaba de desarquivar o texto do Estatuto da Fam\u00edlia (Projeto de Lei 6.583\/2013), que restringe a casais heterossexuais a ado\u00e7\u00e3o de crian\u00e7as como Paulo Henrique. Em entrevista ao Estado de Minas, o juiz Fernando Sleumer se posicionou contra a restri\u00e7\u00e3o e defendeu os direitos dos casais homoafetivos de participar dos processos legais de ado\u00e7\u00e3o, salientando que o caso de Capelinha pode servir de exemplo para romper preconceitos.<\/p>\n<p>\u201cMinha opini\u00e3o pessoal e posi\u00e7\u00e3o como magistrado, respaldada pela pr\u00f3pria evolu\u00e7\u00e3o da jurisprud\u00eancia dos tribunais superiores, \u00e9 a de que casais, homoafetivos ou n\u00e3o, devem ter seus direitos resguardados com absoluta identidade, respeitada a prefer\u00eancia legal das listas de habilitados para ado\u00e7\u00e3o, sem discrimina\u00e7\u00f5es de orienta\u00e7\u00e3o sexual\u201d, afirmou Fernando Sleumer, que nasceu em BH e ingressou na magistratura em setembro de 2010.<\/p>\n<p>Pai adotivo, Gilberto lan\u00e7a m\u00e3o da hist\u00f3ria de Paulo Henrique para criticar a proposta que visa a oficializar como unidade familiar apenas n\u00facleos formados por homens e mulheres. O juiz Fernando Sleumer concorda: \u201cO caso da ado\u00e7\u00e3o de uma crian\u00e7a por um casal homoafetivo \u00e9 o rompimento de obst\u00e1culos motivados pelo preconceito que ainda permeia nossa sociedade e que envolve, sobretudo, discuss\u00f5es pol\u00edticas e religiosas que o magistrado n\u00e3o deve, jamais, sobrepor \u00e0 primazia dos interesses do menor\u201d.<\/p>\n<p>O juiz salienta que magistrados das varas da Inf\u00e2ncia e da Juventude no Brasil verificam que casais ainda priorizam a ado\u00e7\u00e3o de crian\u00e7as de pouca idade ou rec\u00e9m-nascidas. \u201cOu seja, a cada dia as chances de uma crian\u00e7a ser adotada diminuem e, muitas vezes, a triste realidade \u00e9 de que o menor fica abrigado at\u00e9 os 18 anos, quando \u00e9 colocado nas ruas, sob a depend\u00eancia de programas p\u00fablicos para obten\u00e7\u00e3o de um trabalho para se sustentar, sem qualquer apoio ou refer\u00eancia familiar.\u201d<\/p>\n<p>Para o magistrado, a quest\u00e3o de g\u00eanero n\u00e3o pode ser colocada como fator determinante na ado\u00e7\u00e3o. \u201cSer\u00e1 que o menor adotado pelo casal homoafetivo est\u00e1 melhor e mais feliz na situa\u00e7\u00e3o atual ou abrigado, a cada dia com menos perspectivas de ser acolhido por um n\u00facleo familiar?\u201d, questiona o juiz de Capelinha. Fernando Sleumer confirma que o menino Paulo Henrique \u201cfoi rejeitado por outras pessoas previamente habilitadas nas listas de ado\u00e7\u00e3o, inclusive com situa\u00e7\u00f5es de viol\u00eancia que colocaram o menor em risco\u201d.<\/p>\n<p><strong>Sem diferen\u00e7as<\/strong><\/p>\n<p>Gilberto Scofield Junior ressalta que o caso do menino do Vale do Jequitinhonha refor\u00e7a a constata\u00e7\u00e3o de que crian\u00e7as podem ser adotadas e receber uma boa educa\u00e7\u00e3o independentemente da orienta\u00e7\u00e3o sexual dos pais adotivos. \u201cH\u00e1 farta literatura cient\u00edfica provando que crian\u00e7as criadas por casais homossexuais n\u00e3o diferem em nada das criadas por casais heterossexuais\u201d, afirma. Ele salienta que ainda que a ado\u00e7\u00e3o homoafetiva j\u00e1 \u00e9 muito bem aceita nos pa\u00edses escandinavos, em diversos estados americanos e tamb\u00e9m na Argentina e no Uruguai. \u201cO problema da ado\u00e7\u00e3o n\u00e3o \u00e9 simplesmente uma quest\u00e3o de orienta\u00e7\u00e3o sexual\u201d, completa.<\/p>\n<p>A pr\u00f3pria hist\u00f3ria de Paulo Henrique refor\u00e7a a tese. Seis meses depois de ser deixado no Lar M\u00e3e Dolores, em Capelinha, aos 2 anos, o menino foi adotado por uma mulher solteira e levado para S\u00e3o Paulo. Posteriormente, a m\u00e3e adotiva foi denunciada por maus-tratos e, por determina\u00e7\u00e3o da Justi\u00e7a, o garoto voltou ao abrigo, relata Sandra Mara Correa, diretora da institui\u00e7\u00e3o, que fundou h\u00e1 14 anos. Atualmente, o abrigo assiste 20 crian\u00e7as e adolescentes com a ajuda da comunidade e apoio das prefeituras de Capelinha, \u00c1gua Boa e Angel\u00e2ndia. Desde a funda\u00e7\u00e3o, j\u00e1 passaram pelo abrigo cerca de 500 crian\u00e7as e adolescentes, dos quais 30 foram adotados via cadastro nacional.<\/p>\n<p>Ela relata que, ap\u00f3s o retorno de Paulo Henrique de S\u00e3o Paulo, estiveram na institui\u00e7\u00e3o dois casais, brancos, para conhecer o menino. \u201cUm deles trouxe at\u00e9 presentes para a crian\u00e7as, mas disse que n\u00e3o se interessou pela ado\u00e7\u00e3o. O outro casal levou o menino para passear pela cidade para ver como seria a rea\u00e7\u00e3o dele. Depois, foi embora e ficou de voltar, mas n\u00e3o retornou\u201d, disse Sandra Mara. <\/p>\n<p><strong>Os tons da discrimina\u00e7\u00e3o <\/strong><\/p>\n<p>O jornalista Gilberto Scofield Junior explica que n\u00e3o h\u00e1 separa\u00e7\u00e3o entre ele e seu companheiro quanto ao papel de cada um na vida de Paulo Henrique. Contando com o aux\u00edlio de uma diarista, os dois dividem tarefas. \u201cNa ter\u00e7a, eu levo para a nata\u00e7\u00e3o e gin\u00e1stica. Na quinta, \u00e9 a vez do Rodrigo. Se um leva ao col\u00e9gio, o outro busca. N\u00e3o sentimos at\u00e9 agora qualquer preconceito em rela\u00e7\u00e3o a isso\u201d, afirma. Mas a situa\u00e7\u00e3o n\u00e3o \u00e9 a mesma, revela, na quest\u00e3o racial.<\/p>\n<p>Gilberto diz que j\u00e1 teve que enfrentar situa\u00e7\u00f5es que ele associa ao racismo. Recentemente, conta, seu companheiro chegava com o menino ao pr\u00e9dio onde moram e se deparou com outra moradora na portaria. \u201cQuando ela o viu, barrou e disse: \u2018Menino, voc\u00ea n\u00e3o mora aqui! V\u00e1 embora!\u2019 O Rodrigo chegou depois e explicou que ele era filho dele\u201d, relata. \u201cTenho certeza de que, se fosse uma crian\u00e7a branca, n\u00e3o teria problema\u201d, observa.<\/p>\n<p>O respons\u00e1vel pela ado\u00e7\u00e3o relata em outro epis\u00f3dio, em uma padaria, onde o menino se debru\u00e7ou sobre o freezer. \u201cVeio o gerente, dizendo: \u2018O que voc\u00ea quer garoto? Saia daqui.\u2019 A\u00ed, eu falei: \u201cSair por qu\u00ea? Ele \u00e9 meu filho.\u2019\u201d. Gilberto disse que o funcion\u00e1rio ficou sem gra\u00e7a e argumentou que \u00e0s vezes as crian\u00e7as deixavam o freezer aberto, o que fazia o sorvete derreter.<\/p>\n<p>E como o menino est\u00e1 sendo criado sem a figura materna? \u00c9 o pr\u00f3prio Gilberto quem responde: \u201cNo in\u00edcio, toda figura feminina que aparecia ele chamava de m\u00e3e. A gente contou que a m\u00e3e dele havia morrido \u2013 o que \u00e9 verdade \u2013 e que agora, para compensar, ele tinha dois papais. Com o tempo, ele foi se acostumando a essa realidade de n\u00facleo familiar diferente e, hoje, tudo est\u00e1 perfeito\u201d.<\/p>\n<p><em><strong>(Fonte: Jornal Estado de Minas)<\/strong><\/em><\/p>\n","protected":false},"excerpt":{"rendered":"<p>Magistrado usa caso do menino adotado por casal homossexual ap\u00f3s sofrer maus-tratos como exemplo contra projeto que considera fam\u00edlia apenas n\u00facleo formado por homem e mulher \u201cA gente n\u00e3o pode errar mais com esta crian\u00e7a. Confiamos em voc\u00eas.\u201d A senten\u00e7a do juiz Fernando Lamego Sleumer, de 33 anos, da comarca de Capelinha, resumia a miss\u00e3o [&hellip;]<\/p>\n","protected":false},"author":1,"featured_media":54267,"comment_status":"open","ping_status":"closed","sticky":false,"template":"","format":"standard","meta":{"amp_status":"","footnotes":""},"categories":[120],"tags":[35941,35939,35943,35940,35942,35938,132,35945,35946,35936,35937,1018,27864,35931,35944,35933,35932,35949,35950,35930,34925,35948,35935,35934,1104,34935,35947],"class_list":["post-54266","post","type-post","status-publish","format-standard","has-post-thumbnail","hentry","category-jequi","tag-adocao-por-casal-gay","tag-adocao-por-casal-gay-do-rio-de-janeiro","tag-adocao-por-casal-gay-que-estava-no-programa-da-fatima-bernardes","tag-adocao-por-casal-homoafetivo","tag-adocao-por-casal-homoafetivo-do-rio-de-janeiro","tag-adocao-por-casal-homossexual-do-rio-de-janeiro","tag-capelinha","tag-caso-do-menino-do-vale-do-jequitinhonha","tag-caso-do-menino-do-vale-do-jequitinhonha-adotado-por-casal-gay-do-rio-de-janeiro","tag-crianca-de-capelinha-adotada-por-casal-homossexual","tag-crianca-de-capelinha-adotada-por-casal-homossexual-do-rio-de-janeiro","tag-destaque","tag-eduardo-cunha","tag-fernando-lamego-sleumer","tag-gilberto-scofield","tag-gilberto-scofield-junior","tag-jornalista-gilberto-scofield-junior","tag-juiz-de-capelinha-apoia-adocao-por-casais-homossexuais","tag-juiz-do-vale-do-jequitinhonha-apoia-adocao-por-casais-homossexuais","tag-juiz-fernando-lamego-sleumer","tag-lar-mae-dolores","tag-lar-mae-dolores-em-capelinha","tag-laranjeiras","tag-paulo-henrique","tag-rio-de-janeiro","tag-rodrigo-barbosa","tag-sandra-mara-correa"],"_links":{"self":[{"href":"https:\/\/aconteceunovale.com.br\/portal\/index.php?rest_route=\/wp\/v2\/posts\/54266","targetHints":{"allow":["GET"]}}],"collection":[{"href":"https:\/\/aconteceunovale.com.br\/portal\/index.php?rest_route=\/wp\/v2\/posts"}],"about":[{"href":"https:\/\/aconteceunovale.com.br\/portal\/index.php?rest_route=\/wp\/v2\/types\/post"}],"author":[{"embeddable":true,"href":"https:\/\/aconteceunovale.com.br\/portal\/index.php?rest_route=\/wp\/v2\/users\/1"}],"replies":[{"embeddable":true,"href":"https:\/\/aconteceunovale.com.br\/portal\/index.php?rest_route=%2Fwp%2Fv2%2Fcomments&post=54266"}],"version-history":[{"count":0,"href":"https:\/\/aconteceunovale.com.br\/portal\/index.php?rest_route=\/wp\/v2\/posts\/54266\/revisions"}],"wp:featuredmedia":[{"embeddable":true,"href":"https:\/\/aconteceunovale.com.br\/portal\/index.php?rest_route=\/wp\/v2\/media\/54267"}],"wp:attachment":[{"href":"https:\/\/aconteceunovale.com.br\/portal\/index.php?rest_route=%2Fwp%2Fv2%2Fmedia&parent=54266"}],"wp:term":[{"taxonomy":"category","embeddable":true,"href":"https:\/\/aconteceunovale.com.br\/portal\/index.php?rest_route=%2Fwp%2Fv2%2Fcategories&post=54266"},{"taxonomy":"post_tag","embeddable":true,"href":"https:\/\/aconteceunovale.com.br\/portal\/index.php?rest_route=%2Fwp%2Fv2%2Ftags&post=54266"}],"curies":[{"name":"wp","href":"https:\/\/api.w.org\/{rel}","templated":true}]}}