{"id":54207,"date":"2015-03-02T19:03:28","date_gmt":"2015-03-02T22:03:28","guid":{"rendered":"http:\/\/aconteceunovale.com.br\/portal\/?p=54207"},"modified":"2015-03-02T19:04:29","modified_gmt":"2015-03-02T22:04:29","slug":"receita-recebe-mais-de-86-mil-declaracoes-do-irpf-no-primeiro-dia","status":"publish","type":"post","link":"https:\/\/aconteceunovale.com.br\/portal\/?p=54207","title":{"rendered":"Receita recebe mais de 86 mil declara\u00e7\u00f5es do IRPF no primeiro dia"},"content":{"rendered":"<p>A Receita Federal informou hoje (2) que recebeu 86.026 declara\u00e7\u00f5es do Imposto de Renda Pessoa F\u00edsica (IRPF) 2015, ano-base 2014, at\u00e9 as 17h de hoje (2), primeiro dia para a entrega. Os contribuintes t\u00eam at\u00e9 o dia 30 de abril para entregar suas declara\u00e7\u00f5es, e a Receita Federal espera receber, at\u00e9 o encerramento do prazo, 27,5 milh\u00f5es de declara\u00e7\u00f5es.<\/p>\n<p>Pela manh\u00e3, a Receita Federal admitiu que, no in\u00edcio do prazo para a entrega das declara\u00e7\u00f5es do IRPF 2015, houve lentid\u00e3o no\u00a0<a href=\"http:\/\/idg.receita.fazenda.gov.br\/\" target=\"_blank\"><em>site (Clique Aqui)<\/em><\/a>\u00a0do \u00f3rg\u00e3o. O motivo &#8211; informou o supervisor nacional do Imposto de Renda, Joaquim Adir, por meio da assessoria de imprensa da Receita &#8211; foi o fato de um n\u00famero elevado de contribuintes ter acessado a p\u00e1gina para fazer\u00a0<em>download<\/em>\u00a0do programa de declara\u00e7\u00e3o do Imposto de Renda. Como o programa \u00e9 livre, a tend\u00eancia, segundo Adir, era que v\u00e1rios portais disponibilizassem o programa ao longo do dia, como em anos anteriores.<\/p>\n<p>No ano passado, 26.883.633 contribuintes enviaram a declara\u00e7\u00e3o at\u00e9 o fim do prazo, n\u00famero aqu\u00e9m dos 27 milh\u00f5es de formul\u00e1rios estimados pela Receita Federal. Em 2013, 26,1 milh\u00f5es de pessoas f\u00edsicas entregaram o documento.<\/p>\n<p>Quanto antes o contribuinte enviar os dados corretos \u00e0 Receita, mais cedo receber\u00e1 o valor correspondente \u00e0 restitui\u00e7\u00e3o. T\u00eam prioridade para receber a restitui\u00e7\u00e3o pessoas com mais de 60 anos, contribuintes com defici\u00eancia f\u00edsica ou mental e com doen\u00e7a grave. A multa por atraso de entrega \u00e9 estipulada em 1% ao m\u00eas-calend\u00e1rio at\u00e9 20%. O valor m\u00ednimo \u00e9 R$ 165,74. Um\u00a0<a href=\"http:\/\/www.receita.fazenda.gov.br\/PessoaFisica\/IRPF\/2015\/default.htm\" target=\"_blank\">passo a passo<\/a>\u00a0com cada etapa da entrega est\u00e1 dispon\u00edvel na p\u00e1gina da Receita. Basta o usu\u00e1rio clicar em cada ponto para obter mais detalhes. (Ag\u00eancia Brasil)<\/p>\n","protected":false},"excerpt":{"rendered":"<p>A Receita Federal informou hoje (2) que recebeu 86.026 declara\u00e7\u00f5es do Imposto de Renda Pessoa F\u00edsica (IRPF) 2015, ano-base 2014, at\u00e9 as 17h de hoje (2), primeiro dia para a entrega. Os contribuintes t\u00eam at\u00e9 o dia 30 de abril para entregar suas declara\u00e7\u00f5es, e a Receita Federal espera receber, at\u00e9 o encerramento do prazo, [&hellip;]<\/p>\n","protected":false},"author":1,"featured_media":54112,"comment_status":"open","ping_status":"closed","sticky":false,"template":"","format":"standard","meta":{"amp_status":"","footnotes":""},"categories":[6],"tags":[35841,35835,35836,35838,21727,35837,35839,35840,21725,35834],"class_list":["post-54207","post","type-post","status-publish","format-standard","has-post-thumbnail","hentry","category-br","tag-declaracoes","tag-declaracoes-do-irpf","tag-declaracoes-do-irpf-2015","tag-entrega-das-declaracoes-do-irpf-2015","tag-irpf","tag-irpf-2015","tag-primeiro-dia","tag-recebimento","tag-receita","tag-receita-recebe-mais-de-86-mil-declaracoes-do-irpf-no-primeiro-dia"],"_links":{"self":[{"href":"https:\/\/aconteceunovale.com.br\/portal\/index.php?rest_route=\/wp\/v2\/posts\/54207","targetHints":{"allow":["GET"]}}],"collection":[{"href":"https:\/\/aconteceunovale.com.br\/portal\/index.php?rest_route=\/wp\/v2\/posts"}],"about":[{"href":"https:\/\/aconteceunovale.com.br\/portal\/index.php?rest_route=\/wp\/v2\/types\/post"}],"author":[{"embeddable":true,"href":"https:\/\/aconteceunovale.com.br\/portal\/index.php?rest_route=\/wp\/v2\/users\/1"}],"replies":[{"embeddable":true,"href":"https:\/\/aconteceunovale.com.br\/portal\/index.php?rest_route=%2Fwp%2Fv2%2Fcomments&post=54207"}],"version-history":[{"count":0,"href":"https:\/\/aconteceunovale.com.br\/portal\/index.php?rest_route=\/wp\/v2\/posts\/54207\/revisions"}],"wp:featuredmedia":[{"embeddable":true,"href":"https:\/\/aconteceunovale.com.br\/portal\/index.php?rest_route=\/wp\/v2\/media\/54112"}],"wp:attachment":[{"href":"https:\/\/aconteceunovale.com.br\/portal\/index.php?rest_route=%2Fwp%2Fv2%2Fmedia&parent=54207"}],"wp:term":[{"taxonomy":"category","embeddable":true,"href":"https:\/\/aconteceunovale.com.br\/portal\/index.php?rest_route=%2Fwp%2Fv2%2Fcategories&post=54207"},{"taxonomy":"post_tag","embeddable":true,"href":"https:\/\/aconteceunovale.com.br\/portal\/index.php?rest_route=%2Fwp%2Fv2%2Ftags&post=54207"}],"curies":[{"name":"wp","href":"https:\/\/api.w.org\/{rel}","templated":true}]}}