{"id":54204,"date":"2015-03-02T18:54:04","date_gmt":"2015-03-02T21:54:04","guid":{"rendered":"http:\/\/aconteceunovale.com.br\/portal\/?p=54204"},"modified":"2015-03-02T18:54:50","modified_gmt":"2015-03-02T21:54:50","slug":"saiba-como-reduzir-o-valor-da-conta-de-energia-eletrica","status":"publish","type":"post","link":"https:\/\/aconteceunovale.com.br\/portal\/?p=54204","title":{"rendered":"Saiba como reduzir o valor da conta de energia el\u00e9trica"},"content":{"rendered":"<h4><strong><em>Atitudes simples podem anular aumentos criados pelas \u201cbandeiras tarif\u00e1rias\u201d da Aneel, que ficaram mais caras em mar\u00e7o. Confira as dicas do Procon Assembleia.<\/em><\/strong><\/h4>\n<p>N\u00e3o \u00e9 apenas com a economia de \u00e1gua que o consumidor deve se preocupar atualmente. Desde janeiro de 2015, o valor cobrado na conta de luz depende da cor da chamada \u201cbandeira tarif\u00e1ria\u201d, um sistema adotado pela Ag\u00eancia Nacional de Energia El\u00e9trica (Aneel) para estabelecer o custo da energia para os consumidores a cada m\u00eas. Esse custo varia de acordo com as condi\u00e7\u00f5es de gera\u00e7\u00e3o energ\u00e9tica do Pa\u00eds. E a partir desta segunda-feira (02\/03\/15), os valores das bandeiras passaram a ser mais onerosos. Por isso, em tempos de reservat\u00f3rios vazios e pouca chuva, o consumidor deve ficar atento porque, se n\u00e3o economizar, sua conta certamente vir\u00e1 mais cara.<\/p>\n<p>O sistema implantado pela Aneel define tr\u00eas cores: verde, para a qual a tarifa n\u00e3o sofre reajuste; amarela, na qual o valor cobrado passou, desde 2\/3\/15, de R$ 1,50 para R$ 2,50 para cada 100 quilowatts-hora (kWh) consumidos; e vermelha, cujo acr\u00e9scimo, que era de R$ 3,00, subiu para R$ 5,50 para cada 100 kWh. No m\u00eas de mar\u00e7o\/15 a cor da bandeira \u00e9 vermelha. A divulga\u00e7\u00e3o da cor para cada m\u00eas \u00e9 feita no final do m\u00eas anterior. Esse calend\u00e1rio est\u00e1 dispon\u00edvel no site da Aneel.<\/p>\n<p>Apesar de significar aumento na conta de luz, o sistema de bandeiras tarif\u00e1rias permite que o consumidor saiba com anteced\u00eancia se o pre\u00e7o a pagar ser\u00e1 mais caro ou n\u00e3o. Assim, para evitar surpresas desagrad\u00e1veis no final do m\u00eas, ele deve ficar atento e evitar o desperd\u00edcio de energia. A seguir, algumas dicas do Procon da Assembleia Legislativa de Minas Gerais (ALMG) para o consumo consciente em casa:<\/p>\n<p>&#8211; Prefira as l\u00e2mpadas fluorescentes. Elas costumam durar mais que a incandescentes e s\u00e3o bem mais econ\u00f4micas.<\/p>\n<p>&#8211; Evite deixar l\u00e2mpadas acesas em c\u00f4modos onde n\u00e3o haja ningu\u00e9m.<\/p>\n<p>&#8211; Chuveiro e ferro el\u00e9trico s\u00e3o grandes gastadores. Tome banhos mais r\u00e1pidos e acumule bastante roupa lavada para passar tudo de uma s\u00f3 vez.<\/p>\n<p>&#8211; Aparelhos em modo stand-by, apesar de desligados, gastam energia para manter aquela luzinha acesa. Se n\u00e3o os utilizar por muito tempo, desligue-os da tomada.<\/p>\n<p>&#8211; Paredes e teto com cores claras refletem melhor a luz e demandam l\u00e2mpadas menos potentes. Durante o dia, deixe as cortinas e persianas abertas para aproveitar ao m\u00e1ximo a luz solar.<\/p>\n<p>&#8211; Retire o carregador de celulares da tomada quando n\u00e3o o estiver usando.<\/p>\n<p>&#8211; Nunca use a parte de tr\u00e1s da geladeira para secar roupas. A borracha de veda\u00e7\u00e3o da porta deve estar em bom estado. Al\u00e9m disso, n\u00e3o coloque alimentos quentes na geladeira, pois isso vai fazer com que ela funcione mais tempo para resfri\u00e1-los.<\/p>\n<p>&#8211; Ao comprar eletrodom\u00e9sticos, observe o selo Procel, que indica quais modelos consomem menos energia.<\/p>\n<p>&#8211; Se for viajar, retire todos os equipamentos de suas tomadas, exceto a geladeira, caso decida manter nela produtos perec\u00edveis.<\/p>\n<p>Quaisquer d\u00favidas do consumidor referentes ao sistema de bandeiras tarif\u00e1rias devem ser encaminhadas \u00e0 concession\u00e1ria de energia el\u00e9trica ou \u00e0 Aneel, pelo telefone 167.<\/p>\n","protected":false},"excerpt":{"rendered":"<p>Atitudes simples podem anular aumentos criados pelas \u201cbandeiras tarif\u00e1rias\u201d da Aneel, que ficaram mais caras em mar\u00e7o. Confira as dicas do Procon Assembleia. N\u00e3o \u00e9 apenas com a economia de \u00e1gua que o consumidor deve se preocupar atualmente. Desde janeiro de 2015, o valor cobrado na conta de luz depende da cor da chamada \u201cbandeira [&hellip;]<\/p>\n","protected":false},"author":1,"featured_media":54014,"comment_status":"open","ping_status":"closed","sticky":false,"template":"","format":"standard","meta":{"amp_status":"","footnotes":""},"categories":[123],"tags":[35830,35833,31753,35829,346,35828,35831,35832,35826,35827],"class_list":["post-54204","post","type-post","status-publish","format-standard","has-post-thumbnail","hentry","category-gerais","tag-baixar-conta-de-luz","tag-conta-de-energia-eletrica","tag-conta-de-luz","tag-conta-de-luz-mais-barata","tag-economizar-energia","tag-gastar-menos-energia","tag-pagar-menos-pela-conta-de-luz","tag-procon-assembleia-mostra-como-pagar-menos-pela-conta-de-luz","tag-saiba-como-gastar-menos-energia-eletrica","tag-saiba-como-reduzir-o-valor-da-conta-de-energia-eletrica"],"_links":{"self":[{"href":"https:\/\/aconteceunovale.com.br\/portal\/index.php?rest_route=\/wp\/v2\/posts\/54204","targetHints":{"allow":["GET"]}}],"collection":[{"href":"https:\/\/aconteceunovale.com.br\/portal\/index.php?rest_route=\/wp\/v2\/posts"}],"about":[{"href":"https:\/\/aconteceunovale.com.br\/portal\/index.php?rest_route=\/wp\/v2\/types\/post"}],"author":[{"embeddable":true,"href":"https:\/\/aconteceunovale.com.br\/portal\/index.php?rest_route=\/wp\/v2\/users\/1"}],"replies":[{"embeddable":true,"href":"https:\/\/aconteceunovale.com.br\/portal\/index.php?rest_route=%2Fwp%2Fv2%2Fcomments&post=54204"}],"version-history":[{"count":0,"href":"https:\/\/aconteceunovale.com.br\/portal\/index.php?rest_route=\/wp\/v2\/posts\/54204\/revisions"}],"wp:featuredmedia":[{"embeddable":true,"href":"https:\/\/aconteceunovale.com.br\/portal\/index.php?rest_route=\/wp\/v2\/media\/54014"}],"wp:attachment":[{"href":"https:\/\/aconteceunovale.com.br\/portal\/index.php?rest_route=%2Fwp%2Fv2%2Fmedia&parent=54204"}],"wp:term":[{"taxonomy":"category","embeddable":true,"href":"https:\/\/aconteceunovale.com.br\/portal\/index.php?rest_route=%2Fwp%2Fv2%2Fcategories&post=54204"},{"taxonomy":"post_tag","embeddable":true,"href":"https:\/\/aconteceunovale.com.br\/portal\/index.php?rest_route=%2Fwp%2Fv2%2Ftags&post=54204"}],"curies":[{"name":"wp","href":"https:\/\/api.w.org\/{rel}","templated":true}]}}