{"id":54199,"date":"2015-03-02T18:41:39","date_gmt":"2015-03-02T21:41:39","guid":{"rendered":"http:\/\/aconteceunovale.com.br\/portal\/?p=54199"},"modified":"2015-03-02T18:43:41","modified_gmt":"2015-03-02T21:43:41","slug":"troca-de-tiros-entre-pai-e-filho-termina-com-um-morto-e-dois-feridos-no-leste-de-minas","status":"publish","type":"post","link":"https:\/\/aconteceunovale.com.br\/portal\/?p=54199","title":{"rendered":"Troca de tiros entre pai e filho termina com um morto e dois feridos no Leste de Minas"},"content":{"rendered":"<h4><em><strong>Trag\u00e9dia aconteceu no munic\u00edpio de Tarumirim. Pai matou o filho ap\u00f3s ser atingido por tiros de espingarda. <\/strong><\/em><\/h4>\n<p>Trag\u00e9dia em fam\u00edlia em Tarumirim, na regi\u00e3o do Vale do Rio Doce. Um jovem de 22 anos atirou no pr\u00f3prio pai, que revidou e o matou com pelo menos tr\u00eas tiros no distrito de Cabeceira do Vai e Volta. A filha, de 16 anos, pulou na frente para tentar impedir as agress\u00f5es e acabou atingida no bra\u00e7o.<\/p>\n<p>De acordo com informa\u00e7\u00f5es, A\u00e9cio Gomes de Souza, 47 anos, e Gustavo Gomes Damasceno, de 22, discutiam dentro de casa no domingo, 1\u00ba de mar\u00e7o. Revoltado, o filho pegou uma espingarda e atirou contra A\u00e9cio Gomes, que estava com um rev\u00f3lver, possivelmente calibre 38, e revidou com pelo menos tr\u00eas disparos contra Gustavo Gomes.<\/p>\n<p>No meio da confus\u00e3o, a filha de A\u00e9cio, uma adolescente de 16 anos, se colocou entre os dois e acabou ferida no bra\u00e7o esquerdo. Uma testemunha levou pai e filha para o Hospital S\u00e3o Sebasti\u00e3o, onde eles receberam atendimento e posteriormente foram encaminhados para um hospital de Governador Valadares.<\/p>\n<p>A Per\u00edcia T\u00e9cnica da Pol\u00edcia Civil foi acionada e ap\u00f3s os procedimentos de praxe, o corpo de Gustavo Gomes foi encaminhado para o Instituto M\u00e9dico Legal (IML) da regi\u00e3o. (R7)<\/p>\n","protected":false},"excerpt":{"rendered":"<p>Trag\u00e9dia aconteceu no munic\u00edpio de Tarumirim. Pai matou o filho ap\u00f3s ser atingido por tiros de espingarda. Trag\u00e9dia em fam\u00edlia em Tarumirim, na regi\u00e3o do Vale do Rio Doce. Um jovem de 22 anos atirou no pr\u00f3prio pai, que revidou e o matou com pelo menos tr\u00eas tiros no distrito de Cabeceira do Vai e [&hellip;]<\/p>\n","protected":false},"author":1,"featured_media":54200,"comment_status":"open","ping_status":"closed","sticky":false,"template":"","format":"standard","meta":{"amp_status":"","footnotes":""},"categories":[121],"tags":[35821,35824,35822,35825,35823,329,35820,35819,35818],"class_list":["post-54199","post","type-post","status-publish","format-standard","has-post-thumbnail","hentry","category-leste","tag-aecio-gomes-de-souza","tag-briga-de-familia-em-tarumirim","tag-gustavo-gomes-damasceno","tag-pai-assassina-o-filho-em-tarumirim","tag-pai-mata-o-filho-em-tarumirim","tag-tarumirim","tag-tragedia-em-familia-em-tarumirim","tag-troca-de-tiros-entre-pai-e-filho-termina-com-um-morto-e-dois-feridos-em-tarumirim","tag-troca-de-tiros-entre-pai-e-filho-termina-com-um-morto-e-dois-feridos-no-leste-de-minas"],"_links":{"self":[{"href":"https:\/\/aconteceunovale.com.br\/portal\/index.php?rest_route=\/wp\/v2\/posts\/54199","targetHints":{"allow":["GET"]}}],"collection":[{"href":"https:\/\/aconteceunovale.com.br\/portal\/index.php?rest_route=\/wp\/v2\/posts"}],"about":[{"href":"https:\/\/aconteceunovale.com.br\/portal\/index.php?rest_route=\/wp\/v2\/types\/post"}],"author":[{"embeddable":true,"href":"https:\/\/aconteceunovale.com.br\/portal\/index.php?rest_route=\/wp\/v2\/users\/1"}],"replies":[{"embeddable":true,"href":"https:\/\/aconteceunovale.com.br\/portal\/index.php?rest_route=%2Fwp%2Fv2%2Fcomments&post=54199"}],"version-history":[{"count":0,"href":"https:\/\/aconteceunovale.com.br\/portal\/index.php?rest_route=\/wp\/v2\/posts\/54199\/revisions"}],"wp:featuredmedia":[{"embeddable":true,"href":"https:\/\/aconteceunovale.com.br\/portal\/index.php?rest_route=\/wp\/v2\/media\/54200"}],"wp:attachment":[{"href":"https:\/\/aconteceunovale.com.br\/portal\/index.php?rest_route=%2Fwp%2Fv2%2Fmedia&parent=54199"}],"wp:term":[{"taxonomy":"category","embeddable":true,"href":"https:\/\/aconteceunovale.com.br\/portal\/index.php?rest_route=%2Fwp%2Fv2%2Fcategories&post=54199"},{"taxonomy":"post_tag","embeddable":true,"href":"https:\/\/aconteceunovale.com.br\/portal\/index.php?rest_route=%2Fwp%2Fv2%2Ftags&post=54199"}],"curies":[{"name":"wp","href":"https:\/\/api.w.org\/{rel}","templated":true}]}}