{"id":54197,"date":"2015-03-02T17:50:10","date_gmt":"2015-03-02T20:50:10","guid":{"rendered":"http:\/\/aconteceunovale.com.br\/portal\/?p=54197"},"modified":"2015-03-02T17:50:10","modified_gmt":"2015-03-02T20:50:10","slug":"secretaria-de-educacao-cancela-edital-voltado-para-educadores-de-escolas-estaduais-indigenas","status":"publish","type":"post","link":"https:\/\/aconteceunovale.com.br\/portal\/?p=54197","title":{"rendered":"Secretaria de Educa\u00e7\u00e3o cancela edital voltado para educadores de escolas estaduais ind\u00edgenas"},"content":{"rendered":"<h4><strong><em>Informa\u00e7\u00f5es sobre a devolu\u00e7\u00e3o do valor de inscri\u00e7\u00e3o ser\u00e3o divulgadas at\u00e9 o dia 10 de mar\u00e7o. Concurso para professor de Educa\u00e7\u00e3o B\u00e1sica tamb\u00e9m \u00e9 alterado<\/em><\/strong><\/h4>\n<p>A Secretaria de Estado de Educa\u00e7\u00e3o (SEE) divulgou, no Di\u00e1rio Oficial dos Poderes do Estado, no \u00faltimo s\u00e1bado (28\/2), comunicado para cancelar o edital do concurso p\u00fablico Seplag\/SEE n\u00ba07\/2014, publicado no dia 29 de novembro de 2014 e voltado \u00e0 Educa\u00e7\u00e3o Ind\u00edgena. O cancelamento do edital atende a uma demanda das lideran\u00e7as ind\u00edgenas, que em reuni\u00e3o realizada no dia 13 de janeiro solicitaram a suspens\u00e3o do concurso alegando que uma discuss\u00e3o com as comunidades ind\u00edgenas deve preceder a cria\u00e7\u00e3o do edital.<\/p>\n<p>As informa\u00e7\u00f5es a respeito de devolu\u00e7\u00e3o do valor de inscri\u00e7\u00e3o ser\u00e3o divulgadas at\u00e9 o dia 10 de mar\u00e7o. O candidato deve acompanhar o Di\u00e1rio Oficial dos Poderes do Estado e o site do Instituto Brasileiro de Forma\u00e7\u00e3o e Capacita\u00e7\u00e3o (IBFC), respons\u00e1vel pela realiza\u00e7\u00e3o dos concursos p\u00fablicos, para saber sobre os procedimentos que ser\u00e3o adotados para a requisi\u00e7\u00e3o.<\/p>\n<p><strong>Educa\u00e7\u00e3o Especial<\/strong><\/p>\n<p>Tamb\u00e9m foi parcialmente cancelado o edital Seplag\/ SEE n\u00ba 05\/2014, publicado no dia 25 de novembro de 2014. Segundo o comunicado, foram observadas inconsist\u00eancias nas exig\u00eancias para a sele\u00e7\u00e3o de candidatos para o provimento de cargos da carreira de professor da Educa\u00e7\u00e3o B\u00e1sica, no que se refere ao Atendimento Educacional Especializado (AEE) \u2013 Int\u00e9rprete de Libras, em fun\u00e7\u00e3o de n\u00e3o haver compatibilidade do cargo de professor da profiss\u00e3o de tradutor e int\u00e9rprete de libras.<\/p>\n<p>Com isso, fica parcialmente cancelado o concurso para o cargo de Professor de Educa\u00e7\u00e3o B\u00e1sica \u2013 PEB \u2013 N\u00edvel I \u2013 Grau A \u2013 Atendimento Educacional Especializado \u2013 AEE \u2013 Int\u00e9rprete de Libras. As informa\u00e7\u00f5es a respeito da devolu\u00e7\u00e3o do valor de inscri\u00e7\u00e3o ser\u00e3o divulgadas at\u00e9 o dia 10 de mar\u00e7o. (Ag\u00eancia Minas)<\/p>\n","protected":false},"excerpt":{"rendered":"<p>Informa\u00e7\u00f5es sobre a devolu\u00e7\u00e3o do valor de inscri\u00e7\u00e3o ser\u00e3o divulgadas at\u00e9 o dia 10 de mar\u00e7o. Concurso para professor de Educa\u00e7\u00e3o B\u00e1sica tamb\u00e9m \u00e9 alterado A Secretaria de Estado de Educa\u00e7\u00e3o (SEE) divulgou, no Di\u00e1rio Oficial dos Poderes do Estado, no \u00faltimo s\u00e1bado (28\/2), comunicado para cancelar o edital do concurso p\u00fablico Seplag\/SEE n\u00ba07\/2014, publicado [&hellip;]<\/p>\n","protected":false},"author":1,"featured_media":48001,"comment_status":"open","ping_status":"closed","sticky":false,"template":"","format":"standard","meta":{"amp_status":"","footnotes":""},"categories":[123],"tags":[35817,35813,35815,35816,35812,26837,35814,35811],"class_list":["post-54197","post","type-post","status-publish","format-standard","has-post-thumbnail","hentry","category-gerais","tag-concurso-publico-para-educacao-indigena","tag-concurso-publico-para-educadores-de-escolas-estaduais-indigenas","tag-concurso-publico-para-professores-de-escolas-estaduais-indigenas","tag-educacao-indigena","tag-educadores-de-escolas-estaduais-indigenas","tag-escolas-estaduais-indigenas","tag-professores-de-escolas-estaduais-indigenas","tag-secretaria-de-educacao-cancela-edital-voltado-para-educadores-de-escolas-estaduais-indigenas"],"_links":{"self":[{"href":"https:\/\/aconteceunovale.com.br\/portal\/index.php?rest_route=\/wp\/v2\/posts\/54197","targetHints":{"allow":["GET"]}}],"collection":[{"href":"https:\/\/aconteceunovale.com.br\/portal\/index.php?rest_route=\/wp\/v2\/posts"}],"about":[{"href":"https:\/\/aconteceunovale.com.br\/portal\/index.php?rest_route=\/wp\/v2\/types\/post"}],"author":[{"embeddable":true,"href":"https:\/\/aconteceunovale.com.br\/portal\/index.php?rest_route=\/wp\/v2\/users\/1"}],"replies":[{"embeddable":true,"href":"https:\/\/aconteceunovale.com.br\/portal\/index.php?rest_route=%2Fwp%2Fv2%2Fcomments&post=54197"}],"version-history":[{"count":0,"href":"https:\/\/aconteceunovale.com.br\/portal\/index.php?rest_route=\/wp\/v2\/posts\/54197\/revisions"}],"wp:featuredmedia":[{"embeddable":true,"href":"https:\/\/aconteceunovale.com.br\/portal\/index.php?rest_route=\/wp\/v2\/media\/48001"}],"wp:attachment":[{"href":"https:\/\/aconteceunovale.com.br\/portal\/index.php?rest_route=%2Fwp%2Fv2%2Fmedia&parent=54197"}],"wp:term":[{"taxonomy":"category","embeddable":true,"href":"https:\/\/aconteceunovale.com.br\/portal\/index.php?rest_route=%2Fwp%2Fv2%2Fcategories&post=54197"},{"taxonomy":"post_tag","embeddable":true,"href":"https:\/\/aconteceunovale.com.br\/portal\/index.php?rest_route=%2Fwp%2Fv2%2Ftags&post=54197"}],"curies":[{"name":"wp","href":"https:\/\/api.w.org\/{rel}","templated":true}]}}